
{"id":51614,"date":"2022-09-29T13:57:39","date_gmt":"2022-09-29T11:57:39","guid":{"rendered":"https:\/\/tierpark-bern.ch\/news\/kleiner-seehund-im-tierpark-bern\/"},"modified":"2025-04-09T09:38:29","modified_gmt":"2025-04-09T07:38:29","slug":"kleiner-seehund-im-tierpark-bern","status":"publish","type":"post","link":"https:\/\/tierpark-bern.ch\/en\/news\/kleiner-seehund-im-tierpark-bern\/","title":{"rendered":"Kleiner Seehund im Tierpark Bern"},"content":{"rendered":"<div class=\"wpb-content-wrapper\"><p>[vc_row][vc_column][vc_column_text]<\/p>\n<h2>Seehundjungtier im September<\/h2>\n<p>[\/vc_column_text][vc_video link=&#8221;https:\/\/youtu.be\/zLUrxaOgpZw&#8221;][\/vc_column][\/vc_row][vc_row][vc_column][vc_column_text]<\/p>\n<h2>Unser junge Seehund lernt schnell<\/h2>\n<p>Das Leben eines jungen Seehundes ist rauh: Schon von der ersten Minute an m\u00fcssen sie schwimmen und tauchen k\u00f6nnen, da die n\u00e4chste Flut den Geburtsort \u00fcbersp\u00fclt (Str\u00e4nde und Klippen in den n\u00f6rdlichen Meern), und sie sonst ertrinken. Und nach nur kurzer Zeit (4 bis 5 Wochen) verl\u00e4sst die Mutter das Junge von einem Tag auf den anderen und es muss zu sich selbst schauen. Das bedeutet auch, dass der junge Seehund erst lernen muss, eigenst\u00e4ndig Fische zu fangen und zu fressen. Das kann von Individuum zu Individuum durchaus unterschiedlich lange dauern, bis zu mehreren Wochen. Fettreserven haben sie grunds\u00e4tzlich f\u00fcr l\u00e4ngere Fastenperioden gen\u00fcgend.<\/p>\n<p>Im Tierpark werden die jungen Seehunde, sobald von der Mutter verlassen, von der Gruppe separiert. Dann beginnt die geduldige Arbeit der Tierpflegenden, den Jungen Fische schmackhaft zu machen und ihnen das Fische fressen beizubringen.<\/p>\n<p>Unser junger Seehund, geboren am 17. August 2022, ist ein ganz ein Schneller! Seine Mutter verstiess ihn bereits nach viereinhalb Wochen. Schon nach drei Tagen hat er, zu unserer Freude, Fisch als Hauptspeise statt der fettreichen Muttermilch akzeptiert und diese genussvoll verschlungen. In der Regel dauert dieser Lernprozess meistens bis zu 2 Wochen oder auch mehr. Auch beim t\u00e4glichen Training ist der junge\u00a0 Seehund ein Mustersch\u00fcler. Sein Target erkennt er schon ganz genau und eifrig streckt er seine Schnauze der Hand des Tierpflegers entgegen. Zur Belohnung gibt es die neue Lieblingsspeise: Fisch.[\/vc_column_text][\/vc_column][\/vc_row][vc_row][vc_column][vc_column_text]<\/p>\n<h2>Der erste Seehundenachwuchs seit 6 Jahren<\/h2>\n<p>Nach einer Tragzeit von rund 11 Monaten hat die \u00e4lteste Seeh\u00fcndin (33 Jahre) im Tierpark Bern am 17. Juli 2022 ein Jungtier zur Welt gebracht. Die Freude ist riesig, der letzte \u00abHeuler\u00bb im D\u00e4hlh\u00f6lzli-Zoo erblickte 2016 das Licht der Welt.<\/p>\n<p>Die Mutter und ihr Junges wurden vorerst von der restlichen Gruppe separiert. Die beiden sind gesund und munter. Die Seehundmutter wird ihr Junges nun rund 5 Wochen s\u00e4ugen. Dank der nahrhaften Milch (mit rund 50 % Fettanteil) d\u00fcrfte das Junge sein Gewicht von momentan ca. 9 kg in dieser Zeit verdreifachen. Die fette Milch hat zum einen den Vorteil, dass die Jungtiere durch den hohen Energiegehalt schnell wachsen und zum anderen hilft sie, rasch eine isolierende Fettschicht f\u00fcr die Winterzeit aufzubauen. Dies ist f\u00fcr Meeress\u00e4uger lebenswichtig, um sich vor der K\u00e4lte des Meerwassers zu sch\u00fctzen. So k\u00f6nnen sie Stunden im Wasser verbringen, ohne zu frieren. Hitze vertragen die Tiere gut, allerdings darf der Zugang zu Wasser nicht verwehrt werden. Sobald das Jungtier nicht mehr s\u00e4ugt, werden die Tierpflegerinnen und Tierpfleger ihm beibringen, dass die Hauptnahrung von Seehunden aus Fischen besteht.<\/p>\n<p>Das 7-j\u00e4hrige Seehundem\u00e4nnchen ist im Tierpark Bern geboren und wurde nun zum ersten Mal Vater.[\/vc_column_text][\/vc_column][\/vc_row][vc_row][vc_column][vc_video link=&#8221;https:\/\/www.youtube.com\/embed\/RgIMKf1CfnQ&#8221;][\/vc_column][\/vc_row][vc_row][vc_column][vc_column_text]<\/p>\n<h2>Junger &#8216;Heuler&#8217; begegnet erstmals der D\u00e4hlh\u00f6lzli-Seehunde-Gruppe<\/h2>\n<p>Am Montag war ein grosser Tag f\u00fcr den jungen Seehund im Tierpark. \u2028Er durfte erstmals die \u00abKinderstube\u00bb (das Aufzuchtbecken) verlassen und die restliche Gruppe kennenlernen. Die Begegnung war aufregend, verlief aber ruhig und friedlich.[\/vc_column_text][\/vc_column][\/vc_row]<\/p>\n<\/div>","protected":false},"excerpt":{"rendered":"<p>Das Leben eines jungen Seehundes ist rauh: Schon von der ersten Minute an m\u00fcssen sie schwimmen und tauchen k\u00f6nnen, da die n\u00e4chste Flut den Geburtsort&#8230;<\/p>\n","protected":false},"author":1,"featured_media":45358,"comment_status":"closed","ping_status":"closed","sticky":false,"template":"","format":"standard","meta":{"_acf_changed":false,"footnotes":""},"categories":[305],"tags":[725],"zoo-type":[383],"animal-list":[726],"class_list":["post-51614","post","type-post","status-publish","format-standard","has-post-thumbnail","hentry","category-allgemein","tag-seehund-en","zoo-type-daehlhoelzli","animal-list-seehund-en"],"acf":[],"yoast_head":"<title>Kleiner Seehund im Tierpark Bern | Tierpark Bern<\/title>\n<meta name=\"description\" content=\"Nach einer Tragzeit von rund 11 Monaten hat die \u00e4lteste Seeh\u00fcndin im Tierpark Bern am 17. Juli 2022 ein Jungtier zur Welt gebracht.\" \/>\n<meta name=\"robots\" content=\"index, follow, max-snippet:-1, max-image-preview:large, max-video-preview:-1\" \/>\n<link rel=\"canonical\" href=\"https:\/\/tierpark-bern.ch\/en\/news\/kleiner-seehund-im-tierpark-bern\/\" \/>\n<meta property=\"og:locale\" content=\"en_US\" \/>\n<meta property=\"og:type\" content=\"article\" \/>\n<meta property=\"og:title\" content=\"Kleiner Seehund im Tierpark Bern | Tierpark Bern\" \/>\n<meta property=\"og:description\" content=\"Nach einer Tragzeit von rund 11 Monaten hat die \u00e4lteste Seeh\u00fcndin im Tierpark Bern am 17. Juli 2022 ein Jungtier zur Welt gebracht.\" \/>\n<meta property=\"og:url\" content=\"https:\/\/tierpark-bern.ch\/en\/news\/kleiner-seehund-im-tierpark-bern\/\" \/>\n<meta property=\"og:site_name\" content=\"Tierpark Bern\" \/>\n<meta property=\"article:publisher\" content=\"https:\/\/www.facebook.com\/tierparkbern\/\" \/>\n<meta property=\"article:published_time\" content=\"2022-09-29T11:57:39+00:00\" \/>\n<meta property=\"article:modified_time\" content=\"2025-04-09T07:38:29+00:00\" \/>\n<meta property=\"og:image\" content=\"https:\/\/tierpark-bern.ch\/web\/app\/uploads\/2022\/07\/junger-seehund-tierpark-bern-2.jpg\" \/>\n\t<meta property=\"og:image:width\" content=\"1500\" \/>\n\t<meta property=\"og:image:height\" content=\"998\" \/>\n\t<meta property=\"og:image:type\" content=\"image\/jpeg\" \/>\n<meta name=\"author\" content=\"Admin\" \/>\n<script type=\"application\/ld+json\" class=\"yoast-schema-graph\">{\"@context\":\"https:\/\/schema.org\",\"@graph\":[{\"@type\":\"Article\",\"@id\":\"https:\/\/tierpark-bern.ch\/en\/news\/kleiner-seehund-im-tierpark-bern\/#article\",\"isPartOf\":{\"@id\":\"https:\/\/tierpark-bern.ch\/en\/news\/kleiner-seehund-im-tierpark-bern\/\"},\"author\":{\"name\":\"Admin\",\"@id\":\"https:\/\/tierpark-bern.ch\/en\/#\/schema\/person\/fc8c06f92d4096baa065d0e5a8a5ffd7\"},\"headline\":\"Kleiner Seehund im Tierpark Bern\",\"datePublished\":\"2022-09-29T11:57:39+00:00\",\"dateModified\":\"2025-04-09T07:38:29+00:00\",\"mainEntityOfPage\":{\"@id\":\"https:\/\/tierpark-bern.ch\/en\/news\/kleiner-seehund-im-tierpark-bern\/\"},\"wordCount\":580,\"publisher\":{\"@id\":\"https:\/\/tierpark-bern.ch\/en\/#organization\"},\"image\":{\"@id\":\"https:\/\/tierpark-bern.ch\/en\/news\/kleiner-seehund-im-tierpark-bern\/#primaryimage\"},\"thumbnailUrl\":\"https:\/\/tierpark-bern.ch\/web\/app\/uploads\/2022\/07\/junger-seehund-tierpark-bern-2.jpg\",\"keywords\":[\"Seal\"],\"articleSection\":[\"News\"],\"inLanguage\":\"en-US\"},{\"@type\":\"WebPage\",\"@id\":\"https:\/\/tierpark-bern.ch\/en\/news\/kleiner-seehund-im-tierpark-bern\/\",\"url\":\"https:\/\/tierpark-bern.ch\/en\/news\/kleiner-seehund-im-tierpark-bern\/\",\"name\":\"Kleiner Seehund im Tierpark Bern | Tierpark Bern\",\"isPartOf\":{\"@id\":\"https:\/\/tierpark-bern.ch\/en\/#website\"},\"primaryImageOfPage\":{\"@id\":\"https:\/\/tierpark-bern.ch\/en\/news\/kleiner-seehund-im-tierpark-bern\/#primaryimage\"},\"image\":{\"@id\":\"https:\/\/tierpark-bern.ch\/en\/news\/kleiner-seehund-im-tierpark-bern\/#primaryimage\"},\"thumbnailUrl\":\"https:\/\/tierpark-bern.ch\/web\/app\/uploads\/2022\/07\/junger-seehund-tierpark-bern-2.jpg\",\"datePublished\":\"2022-09-29T11:57:39+00:00\",\"dateModified\":\"2025-04-09T07:38:29+00:00\",\"description\":\"Nach einer Tragzeit von rund 11 Monaten hat die \u00e4lteste Seeh\u00fcndin im Tierpark Bern am 17. Juli 2022 ein Jungtier zur Welt gebracht.\",\"breadcrumb\":{\"@id\":\"https:\/\/tierpark-bern.ch\/en\/news\/kleiner-seehund-im-tierpark-bern\/#breadcrumb\"},\"inLanguage\":\"en-US\",\"potentialAction\":[{\"@type\":\"ReadAction\",\"target\":[\"https:\/\/tierpark-bern.ch\/en\/news\/kleiner-seehund-im-tierpark-bern\/\"]}]},{\"@type\":\"ImageObject\",\"inLanguage\":\"en-US\",\"@id\":\"https:\/\/tierpark-bern.ch\/en\/news\/kleiner-seehund-im-tierpark-bern\/#primaryimage\",\"url\":\"https:\/\/tierpark-bern.ch\/web\/app\/uploads\/2022\/07\/junger-seehund-tierpark-bern-2.jpg\",\"contentUrl\":\"https:\/\/tierpark-bern.ch\/web\/app\/uploads\/2022\/07\/junger-seehund-tierpark-bern-2.jpg\",\"width\":1500,\"height\":998,\"caption\":\"Maul neben einem ausgewachsenen Seehund\"},{\"@type\":\"BreadcrumbList\",\"@id\":\"https:\/\/tierpark-bern.ch\/en\/news\/kleiner-seehund-im-tierpark-bern\/#breadcrumb\",\"itemListElement\":[{\"@type\":\"ListItem\",\"position\":1,\"name\":\"Home\",\"item\":\"https:\/\/tierpark-bern.ch\/en\/\"},{\"@type\":\"ListItem\",\"position\":2,\"name\":\"Kleiner Seehund im Tierpark Bern\"}]},{\"@type\":\"WebSite\",\"@id\":\"https:\/\/tierpark-bern.ch\/en\/#website\",\"url\":\"https:\/\/tierpark-bern.ch\/en\/\",\"name\":\"Tierpark Bern\",\"description\":\"\",\"publisher\":{\"@id\":\"https:\/\/tierpark-bern.ch\/en\/#organization\"},\"potentialAction\":[{\"@type\":\"SearchAction\",\"target\":{\"@type\":\"EntryPoint\",\"urlTemplate\":\"https:\/\/tierpark-bern.ch\/en\/?s={search_term_string}\"},\"query-input\":{\"@type\":\"PropertyValueSpecification\",\"valueRequired\":true,\"valueName\":\"search_term_string\"}}],\"inLanguage\":\"en-US\"},{\"@type\":\"Organization\",\"@id\":\"https:\/\/tierpark-bern.ch\/en\/#organization\",\"name\":\"Tierpark Bern | D\u00e4hlh\u00f6lzli + B\u00e4renPark\",\"alternateName\":\"Tierpark Bern\",\"url\":\"https:\/\/tierpark-bern.ch\/en\/\",\"logo\":{\"@type\":\"ImageObject\",\"inLanguage\":\"en-US\",\"@id\":\"https:\/\/tierpark-bern.ch\/en\/#\/schema\/logo\/image\/\",\"url\":\"https:\/\/tierpark-bern.ch\/web\/app\/uploads\/2024\/04\/tierpark-bern-696x696-1.jpg\",\"contentUrl\":\"https:\/\/tierpark-bern.ch\/web\/app\/uploads\/2024\/04\/tierpark-bern-696x696-1.jpg\",\"width\":696,\"height\":696,\"caption\":\"Tierpark Bern | D\u00e4hlh\u00f6lzli + B\u00e4renPark\"},\"image\":{\"@id\":\"https:\/\/tierpark-bern.ch\/en\/#\/schema\/logo\/image\/\"},\"sameAs\":[\"https:\/\/www.facebook.com\/tierparkbern\/\",\"https:\/\/x.com\/tierparkbern\",\"https:\/\/www.instagram.com\/tierparkbern\/\"]}]}<\/script>","yoast_head_json":{"title":"Kleiner Seehund im Tierpark Bern | Tierpark Bern","description":"Nach einer Tragzeit von rund 11 Monaten hat die \u00e4lteste Seeh\u00fcndin im Tierpark Bern am 17. Juli 2022 ein Jungtier zur Welt gebracht.","robots":{"index":"index","follow":"follow","max-snippet":"max-snippet:-1","max-image-preview":"max-image-preview:large","max-video-preview":"max-video-preview:-1"},"canonical":"https:\/\/tierpark-bern.ch\/en\/news\/kleiner-seehund-im-tierpark-bern\/","og_locale":"en_US","og_type":"article","og_title":"Kleiner Seehund im Tierpark Bern | Tierpark Bern","og_description":"Nach einer Tragzeit von rund 11 Monaten hat die \u00e4lteste Seeh\u00fcndin im Tierpark Bern am 17. Juli 2022 ein Jungtier zur Welt gebracht.","og_url":"https:\/\/tierpark-bern.ch\/en\/news\/kleiner-seehund-im-tierpark-bern\/","og_site_name":"Tierpark Bern","article_publisher":"https:\/\/www.facebook.com\/tierparkbern\/","article_published_time":"2022-09-29T11:57:39+00:00","article_modified_time":"2025-04-09T07:38:29+00:00","og_image":[{"width":1500,"height":998,"url":"https:\/\/tierpark-bern.ch\/web\/app\/uploads\/2022\/07\/junger-seehund-tierpark-bern-2.jpg","type":"image\/jpeg"}],"author":"Admin","schema":{"@context":"https:\/\/schema.org","@graph":[{"@type":"Article","@id":"https:\/\/tierpark-bern.ch\/en\/news\/kleiner-seehund-im-tierpark-bern\/#article","isPartOf":{"@id":"https:\/\/tierpark-bern.ch\/en\/news\/kleiner-seehund-im-tierpark-bern\/"},"author":{"name":"Admin","@id":"https:\/\/tierpark-bern.ch\/en\/#\/schema\/person\/fc8c06f92d4096baa065d0e5a8a5ffd7"},"headline":"Kleiner Seehund im Tierpark Bern","datePublished":"2022-09-29T11:57:39+00:00","dateModified":"2025-04-09T07:38:29+00:00","mainEntityOfPage":{"@id":"https:\/\/tierpark-bern.ch\/en\/news\/kleiner-seehund-im-tierpark-bern\/"},"wordCount":580,"publisher":{"@id":"https:\/\/tierpark-bern.ch\/en\/#organization"},"image":{"@id":"https:\/\/tierpark-bern.ch\/en\/news\/kleiner-seehund-im-tierpark-bern\/#primaryimage"},"thumbnailUrl":"https:\/\/tierpark-bern.ch\/web\/app\/uploads\/2022\/07\/junger-seehund-tierpark-bern-2.jpg","keywords":["Seal"],"articleSection":["News"],"inLanguage":"en-US"},{"@type":"WebPage","@id":"https:\/\/tierpark-bern.ch\/en\/news\/kleiner-seehund-im-tierpark-bern\/","url":"https:\/\/tierpark-bern.ch\/en\/news\/kleiner-seehund-im-tierpark-bern\/","name":"Kleiner Seehund im Tierpark Bern | Tierpark Bern","isPartOf":{"@id":"https:\/\/tierpark-bern.ch\/en\/#website"},"primaryImageOfPage":{"@id":"https:\/\/tierpark-bern.ch\/en\/news\/kleiner-seehund-im-tierpark-bern\/#primaryimage"},"image":{"@id":"https:\/\/tierpark-bern.ch\/en\/news\/kleiner-seehund-im-tierpark-bern\/#primaryimage"},"thumbnailUrl":"https:\/\/tierpark-bern.ch\/web\/app\/uploads\/2022\/07\/junger-seehund-tierpark-bern-2.jpg","datePublished":"2022-09-29T11:57:39+00:00","dateModified":"2025-04-09T07:38:29+00:00","description":"Nach einer Tragzeit von rund 11 Monaten hat die \u00e4lteste Seeh\u00fcndin im Tierpark Bern am 17. Juli 2022 ein Jungtier zur Welt gebracht.","breadcrumb":{"@id":"https:\/\/tierpark-bern.ch\/en\/news\/kleiner-seehund-im-tierpark-bern\/#breadcrumb"},"inLanguage":"en-US","potentialAction":[{"@type":"ReadAction","target":["https:\/\/tierpark-bern.ch\/en\/news\/kleiner-seehund-im-tierpark-bern\/"]}]},{"@type":"ImageObject","inLanguage":"en-US","@id":"https:\/\/tierpark-bern.ch\/en\/news\/kleiner-seehund-im-tierpark-bern\/#primaryimage","url":"https:\/\/tierpark-bern.ch\/web\/app\/uploads\/2022\/07\/junger-seehund-tierpark-bern-2.jpg","contentUrl":"https:\/\/tierpark-bern.ch\/web\/app\/uploads\/2022\/07\/junger-seehund-tierpark-bern-2.jpg","width":1500,"height":998,"caption":"Maul neben einem ausgewachsenen Seehund"},{"@type":"BreadcrumbList","@id":"https:\/\/tierpark-bern.ch\/en\/news\/kleiner-seehund-im-tierpark-bern\/#breadcrumb","itemListElement":[{"@type":"ListItem","position":1,"name":"Home","item":"https:\/\/tierpark-bern.ch\/en\/"},{"@type":"ListItem","position":2,"name":"Kleiner Seehund im Tierpark Bern"}]},{"@type":"WebSite","@id":"https:\/\/tierpark-bern.ch\/en\/#website","url":"https:\/\/tierpark-bern.ch\/en\/","name":"Tierpark Bern","description":"","publisher":{"@id":"https:\/\/tierpark-bern.ch\/en\/#organization"},"potentialAction":[{"@type":"SearchAction","target":{"@type":"EntryPoint","urlTemplate":"https:\/\/tierpark-bern.ch\/en\/?s={search_term_string}"},"query-input":{"@type":"PropertyValueSpecification","valueRequired":true,"valueName":"search_term_string"}}],"inLanguage":"en-US"},{"@type":"Organization","@id":"https:\/\/tierpark-bern.ch\/en\/#organization","name":"Tierpark Bern | D\u00e4hlh\u00f6lzli + B\u00e4renPark","alternateName":"Tierpark Bern","url":"https:\/\/tierpark-bern.ch\/en\/","logo":{"@type":"ImageObject","inLanguage":"en-US","@id":"https:\/\/tierpark-bern.ch\/en\/#\/schema\/logo\/image\/","url":"https:\/\/tierpark-bern.ch\/web\/app\/uploads\/2024\/04\/tierpark-bern-696x696-1.jpg","contentUrl":"https:\/\/tierpark-bern.ch\/web\/app\/uploads\/2024\/04\/tierpark-bern-696x696-1.jpg","width":696,"height":696,"caption":"Tierpark Bern | D\u00e4hlh\u00f6lzli + B\u00e4renPark"},"image":{"@id":"https:\/\/tierpark-bern.ch\/en\/#\/schema\/logo\/image\/"},"sameAs":["https:\/\/www.facebook.com\/tierparkbern\/","https:\/\/x.com\/tierparkbern","https:\/\/www.instagram.com\/tierparkbern\/"]}]}},"_links":{"self":[{"href":"https:\/\/tierpark-bern.ch\/en\/wp-json\/wp\/v2\/posts\/51614","targetHints":{"allow":["GET"]}}],"collection":[{"href":"https:\/\/tierpark-bern.ch\/en\/wp-json\/wp\/v2\/posts"}],"about":[{"href":"https:\/\/tierpark-bern.ch\/en\/wp-json\/wp\/v2\/types\/post"}],"author":[{"embeddable":true,"href":"https:\/\/tierpark-bern.ch\/en\/wp-json\/wp\/v2\/users\/1"}],"replies":[{"embeddable":true,"href":"https:\/\/tierpark-bern.ch\/en\/wp-json\/wp\/v2\/comments?post=51614"}],"version-history":[{"count":0,"href":"https:\/\/tierpark-bern.ch\/en\/wp-json\/wp\/v2\/posts\/51614\/revisions"}],"wp:featuredmedia":[{"embeddable":true,"href":"https:\/\/tierpark-bern.ch\/en\/wp-json\/wp\/v2\/media\/45358"}],"wp:attachment":[{"href":"https:\/\/tierpark-bern.ch\/en\/wp-json\/wp\/v2\/media?parent=51614"}],"wp:term":[{"taxonomy":"category","embeddable":true,"href":"https:\/\/tierpark-bern.ch\/en\/wp-json\/wp\/v2\/categories?post=51614"},{"taxonomy":"post_tag","embeddable":true,"href":"https:\/\/tierpark-bern.ch\/en\/wp-json\/wp\/v2\/tags?post=51614"},{"taxonomy":"zoo-type","embeddable":true,"href":"https:\/\/tierpark-bern.ch\/en\/wp-json\/wp\/v2\/zoo-type?post=51614"},{"taxonomy":"animal-list","embeddable":true,"href":"https:\/\/tierpark-bern.ch\/en\/wp-json\/wp\/v2\/animal-list?post=51614"}],"curies":[{"name":"wp","href":"https:\/\/api.w.org\/{rel}","templated":true}]}}