
{"id":51630,"date":"2022-07-29T13:57:57","date_gmt":"2022-07-29T11:57:57","guid":{"rendered":"https:\/\/tierpark-bern.ch\/news\/gemeinschaftshaltung-baeren-und-woelfe\/"},"modified":"2024-04-18T14:07:08","modified_gmt":"2024-04-18T12:07:08","slug":"gemeinschaftshaltung-baeren-und-woelfe","status":"publish","type":"post","link":"https:\/\/tierpark-bern.ch\/en\/news\/gemeinschaftshaltung-baeren-und-woelfe\/","title":{"rendered":"Gemeinschaftshaltung B\u00e4ren und W\u00f6lfe"},"content":{"rendered":"<p>Im Tierpark Bern sind die Anlagen f\u00fcr B\u00e4r und Wolf so gebaut, dass die W\u00f6lfe durch speziell gestaltete Schleusen in die Anlage der Ussurischen Braunb\u00e4ren gelangen. Diese Schleusen k\u00f6nnen B\u00e4ren nicht durchschreiten, somit hat das vermeintlich schw\u00e4chere Tier, der Wolf, die M\u00f6glichkeit, sich zur\u00fcck zu ziehen. Wolf und B\u00e4r teilen sich auch nat\u00fcrlicherweise den Lebensraum. Entsprechend verf\u00fcgen sie \u00fcber ein Repertoir an Verhaltensweisen, um nebeneinander zu leben und miteinander zurecht zu kommen. Das Streiten um Futter oder um beliebte Pl\u00e4tze, die Neugierde auf den anderen und auch das sich gegenseitig ein wenig Herausfordern geh\u00f6ren dazu. Derartige Interaktionen zwischen den den beiden Arten sind sehr artgem\u00e4sse und von der Natur gegebene Verhaltensanreicherungen. Sie verlangen auch von den Tierpflegenden viel Aufmerksamkeit, Obacht und Feingef\u00fchl, sodass Situationen, die zu viel Stress f\u00fcr ein Tier bedeuten, vermieden werden k\u00f6nnen.<\/p>\n<p>Nachdem das neue Zuchtweibchen im Fr\u00fchjahr 2022 erstmals Nachkommen geworfen hatte, traten die beiden adulten, noch unerfahrenen W\u00f6lfe so dominant auf, dass sich die ussurischen B\u00e4ren sehr gestresst verhielten. Daher wurde\u00a0 die Schleuse zwischen den beiden Tierarten umgehend geschlossen und die W\u00f6lfe verbrachten die ersten knapp 3 Monate mit ihren Jungtieren ausschliesslich in der Wolfsanlage. Mitte Juli 2022, als die Jungw\u00f6lfe schon stattlich gewachsen waren, waren auch die erwachsenen W\u00f6lfe wieder entspannt genug, sodass die erneute Zusammenf\u00fchrung zwischen B\u00e4r und Wolf wieder gelang. Seitdem k\u00f6nnen die W\u00f6lfe h\u00e4ufig bei den B\u00e4ren beobachtet werden und wenn etwas bei den B\u00e4ren passiert, sind die erwachsenen W\u00f6lfe gleich neugierig zur Stelle. So zum Beispiel, als den B\u00e4ren ein Elchgeweih zur Besch\u00e4ftigung gegeben wurde.<\/p>\n","protected":false},"excerpt":{"rendered":"<p>Im Tierpark sind die Anlagen f\u00fcr B\u00e4r und Wolf so gebaut, dass die W\u00f6lfe durch speziell gestaltete Schleusen in die Anlage der Braunb\u00e4ren gelangen.<\/p>\n","protected":false},"author":10,"featured_media":45610,"comment_status":"closed","ping_status":"closed","sticky":false,"template":"","format":"standard","meta":{"_acf_changed":false,"footnotes":""},"categories":[316],"tags":[317,829],"zoo-type":[383],"animal-list":[728,830],"class_list":["post-51630","post","type-post","status-publish","format-standard","has-post-thumbnail","hentry","category-blog-en","tag-europaeischer-wolf-en","tag-ussurischer-braunbaer-en","zoo-type-daehlhoelzli","animal-list-europaeischer-wolf-en","animal-list-ussurischer-braunbaer-en"],"acf":[],"yoast_head":"<title>Gemeinschaftshaltung B\u00e4ren und W\u00f6lfe | Tierpark Bern<\/title>\n<meta name=\"description\" content=\"Im Tierpark sind die Anlagen f\u00fcr B\u00e4r und Wolf so gebaut, dass die W\u00f6lfe durch speziell gestaltete Schleusen in die Anlage der Braunb\u00e4ren gelangen.\" \/>\n<meta name=\"robots\" content=\"index, follow, max-snippet:-1, max-image-preview:large, max-video-preview:-1\" \/>\n<link rel=\"canonical\" href=\"https:\/\/tierpark-bern.ch\/en\/news\/gemeinschaftshaltung-baeren-und-woelfe\/\" \/>\n<meta property=\"og:locale\" content=\"en_US\" \/>\n<meta property=\"og:type\" content=\"article\" \/>\n<meta property=\"og:title\" content=\"Gemeinschaftshaltung B\u00e4ren und W\u00f6lfe | Tierpark Bern\" \/>\n<meta property=\"og:description\" content=\"Im Tierpark sind die Anlagen f\u00fcr B\u00e4r und Wolf so gebaut, dass die W\u00f6lfe durch speziell gestaltete Schleusen in die Anlage der Braunb\u00e4ren gelangen.\" \/>\n<meta property=\"og:url\" content=\"https:\/\/tierpark-bern.ch\/en\/news\/gemeinschaftshaltung-baeren-und-woelfe\/\" \/>\n<meta property=\"og:site_name\" content=\"Tierpark Bern\" \/>\n<meta property=\"article:publisher\" content=\"https:\/\/www.facebook.com\/tierparkbern\/\" \/>\n<meta property=\"article:published_time\" content=\"2022-07-29T11:57:57+00:00\" \/>\n<meta property=\"article:modified_time\" content=\"2024-04-18T12:07:08+00:00\" \/>\n<meta property=\"og:image\" content=\"https:\/\/tierpark-bern.ch\/web\/app\/uploads\/2022\/07\/Wolf-Baer_Interaktion_Juli-2022_Foto-Slezak-8145-2.jpg\" \/>\n\t<meta property=\"og:image:width\" content=\"1500\" \/>\n\t<meta property=\"og:image:height\" content=\"998\" \/>\n\t<meta property=\"og:image:type\" content=\"image\/jpeg\" \/>\n<meta name=\"author\" content=\"Doris\" \/>\n<script type=\"application\/ld+json\" class=\"yoast-schema-graph\">{\"@context\":\"https:\/\/schema.org\",\"@graph\":[{\"@type\":\"Article\",\"@id\":\"https:\/\/tierpark-bern.ch\/en\/news\/gemeinschaftshaltung-baeren-und-woelfe\/#article\",\"isPartOf\":{\"@id\":\"https:\/\/tierpark-bern.ch\/en\/news\/gemeinschaftshaltung-baeren-und-woelfe\/\"},\"author\":{\"name\":\"Doris\",\"@id\":\"https:\/\/tierpark-bern.ch\/en\/#\/schema\/person\/47043aeed87f146347670168cf6667ba\"},\"headline\":\"Gemeinschaftshaltung B\u00e4ren und W\u00f6lfe\",\"datePublished\":\"2022-07-29T11:57:57+00:00\",\"dateModified\":\"2024-04-18T12:07:08+00:00\",\"mainEntityOfPage\":{\"@id\":\"https:\/\/tierpark-bern.ch\/en\/news\/gemeinschaftshaltung-baeren-und-woelfe\/\"},\"wordCount\":292,\"publisher\":{\"@id\":\"https:\/\/tierpark-bern.ch\/en\/#organization\"},\"image\":{\"@id\":\"https:\/\/tierpark-bern.ch\/en\/news\/gemeinschaftshaltung-baeren-und-woelfe\/#primaryimage\"},\"thumbnailUrl\":\"https:\/\/tierpark-bern.ch\/web\/app\/uploads\/2022\/07\/Wolf-Baer_Interaktion_Juli-2022_Foto-Slezak-8145-2.jpg\",\"keywords\":[\"European wolf\",\"Ussurischer Braunb\u00e4r\"],\"articleSection\":[\"Blog\"],\"inLanguage\":\"en-US\"},{\"@type\":\"WebPage\",\"@id\":\"https:\/\/tierpark-bern.ch\/en\/news\/gemeinschaftshaltung-baeren-und-woelfe\/\",\"url\":\"https:\/\/tierpark-bern.ch\/en\/news\/gemeinschaftshaltung-baeren-und-woelfe\/\",\"name\":\"Gemeinschaftshaltung B\u00e4ren und W\u00f6lfe | Tierpark Bern\",\"isPartOf\":{\"@id\":\"https:\/\/tierpark-bern.ch\/en\/#website\"},\"primaryImageOfPage\":{\"@id\":\"https:\/\/tierpark-bern.ch\/en\/news\/gemeinschaftshaltung-baeren-und-woelfe\/#primaryimage\"},\"image\":{\"@id\":\"https:\/\/tierpark-bern.ch\/en\/news\/gemeinschaftshaltung-baeren-und-woelfe\/#primaryimage\"},\"thumbnailUrl\":\"https:\/\/tierpark-bern.ch\/web\/app\/uploads\/2022\/07\/Wolf-Baer_Interaktion_Juli-2022_Foto-Slezak-8145-2.jpg\",\"datePublished\":\"2022-07-29T11:57:57+00:00\",\"dateModified\":\"2024-04-18T12:07:08+00:00\",\"description\":\"Im Tierpark sind die Anlagen f\u00fcr B\u00e4r und Wolf so gebaut, dass die W\u00f6lfe durch speziell gestaltete Schleusen in die Anlage der Braunb\u00e4ren gelangen.\",\"breadcrumb\":{\"@id\":\"https:\/\/tierpark-bern.ch\/en\/news\/gemeinschaftshaltung-baeren-und-woelfe\/#breadcrumb\"},\"inLanguage\":\"en-US\",\"potentialAction\":[{\"@type\":\"ReadAction\",\"target\":[\"https:\/\/tierpark-bern.ch\/en\/news\/gemeinschaftshaltung-baeren-und-woelfe\/\"]}]},{\"@type\":\"ImageObject\",\"inLanguage\":\"en-US\",\"@id\":\"https:\/\/tierpark-bern.ch\/en\/news\/gemeinschaftshaltung-baeren-und-woelfe\/#primaryimage\",\"url\":\"https:\/\/tierpark-bern.ch\/web\/app\/uploads\/2022\/07\/Wolf-Baer_Interaktion_Juli-2022_Foto-Slezak-8145-2.jpg\",\"contentUrl\":\"https:\/\/tierpark-bern.ch\/web\/app\/uploads\/2022\/07\/Wolf-Baer_Interaktion_Juli-2022_Foto-Slezak-8145-2.jpg\",\"width\":1500,\"height\":998,\"caption\":\"B\u00e4r jagt einen Wolf\"},{\"@type\":\"BreadcrumbList\",\"@id\":\"https:\/\/tierpark-bern.ch\/en\/news\/gemeinschaftshaltung-baeren-und-woelfe\/#breadcrumb\",\"itemListElement\":[{\"@type\":\"ListItem\",\"position\":1,\"name\":\"Home\",\"item\":\"https:\/\/tierpark-bern.ch\/en\/\"},{\"@type\":\"ListItem\",\"position\":2,\"name\":\"Gemeinschaftshaltung B\u00e4ren und W\u00f6lfe\"}]},{\"@type\":\"WebSite\",\"@id\":\"https:\/\/tierpark-bern.ch\/en\/#website\",\"url\":\"https:\/\/tierpark-bern.ch\/en\/\",\"name\":\"Tierpark Bern\",\"description\":\"\",\"publisher\":{\"@id\":\"https:\/\/tierpark-bern.ch\/en\/#organization\"},\"potentialAction\":[{\"@type\":\"SearchAction\",\"target\":{\"@type\":\"EntryPoint\",\"urlTemplate\":\"https:\/\/tierpark-bern.ch\/en\/?s={search_term_string}\"},\"query-input\":{\"@type\":\"PropertyValueSpecification\",\"valueRequired\":true,\"valueName\":\"search_term_string\"}}],\"inLanguage\":\"en-US\"},{\"@type\":\"Organization\",\"@id\":\"https:\/\/tierpark-bern.ch\/en\/#organization\",\"name\":\"Tierpark Bern | D\u00e4hlh\u00f6lzli + B\u00e4renPark\",\"alternateName\":\"Tierpark Bern\",\"url\":\"https:\/\/tierpark-bern.ch\/en\/\",\"logo\":{\"@type\":\"ImageObject\",\"inLanguage\":\"en-US\",\"@id\":\"https:\/\/tierpark-bern.ch\/en\/#\/schema\/logo\/image\/\",\"url\":\"https:\/\/tierpark-bern.ch\/web\/app\/uploads\/2024\/04\/tierpark-bern-696x696-1.jpg\",\"contentUrl\":\"https:\/\/tierpark-bern.ch\/web\/app\/uploads\/2024\/04\/tierpark-bern-696x696-1.jpg\",\"width\":696,\"height\":696,\"caption\":\"Tierpark Bern | D\u00e4hlh\u00f6lzli + B\u00e4renPark\"},\"image\":{\"@id\":\"https:\/\/tierpark-bern.ch\/en\/#\/schema\/logo\/image\/\"},\"sameAs\":[\"https:\/\/www.facebook.com\/tierparkbern\/\",\"https:\/\/x.com\/tierparkbern\",\"https:\/\/www.instagram.com\/tierparkbern\/\"]}]}<\/script>","yoast_head_json":{"title":"Gemeinschaftshaltung B\u00e4ren und W\u00f6lfe | Tierpark Bern","description":"Im Tierpark sind die Anlagen f\u00fcr B\u00e4r und Wolf so gebaut, dass die W\u00f6lfe durch speziell gestaltete Schleusen in die Anlage der Braunb\u00e4ren gelangen.","robots":{"index":"index","follow":"follow","max-snippet":"max-snippet:-1","max-image-preview":"max-image-preview:large","max-video-preview":"max-video-preview:-1"},"canonical":"https:\/\/tierpark-bern.ch\/en\/news\/gemeinschaftshaltung-baeren-und-woelfe\/","og_locale":"en_US","og_type":"article","og_title":"Gemeinschaftshaltung B\u00e4ren und W\u00f6lfe | Tierpark Bern","og_description":"Im Tierpark sind die Anlagen f\u00fcr B\u00e4r und Wolf so gebaut, dass die W\u00f6lfe durch speziell gestaltete Schleusen in die Anlage der Braunb\u00e4ren gelangen.","og_url":"https:\/\/tierpark-bern.ch\/en\/news\/gemeinschaftshaltung-baeren-und-woelfe\/","og_site_name":"Tierpark Bern","article_publisher":"https:\/\/www.facebook.com\/tierparkbern\/","article_published_time":"2022-07-29T11:57:57+00:00","article_modified_time":"2024-04-18T12:07:08+00:00","og_image":[{"width":1500,"height":998,"url":"https:\/\/tierpark-bern.ch\/web\/app\/uploads\/2022\/07\/Wolf-Baer_Interaktion_Juli-2022_Foto-Slezak-8145-2.jpg","type":"image\/jpeg"}],"author":"Doris","schema":{"@context":"https:\/\/schema.org","@graph":[{"@type":"Article","@id":"https:\/\/tierpark-bern.ch\/en\/news\/gemeinschaftshaltung-baeren-und-woelfe\/#article","isPartOf":{"@id":"https:\/\/tierpark-bern.ch\/en\/news\/gemeinschaftshaltung-baeren-und-woelfe\/"},"author":{"name":"Doris","@id":"https:\/\/tierpark-bern.ch\/en\/#\/schema\/person\/47043aeed87f146347670168cf6667ba"},"headline":"Gemeinschaftshaltung B\u00e4ren und W\u00f6lfe","datePublished":"2022-07-29T11:57:57+00:00","dateModified":"2024-04-18T12:07:08+00:00","mainEntityOfPage":{"@id":"https:\/\/tierpark-bern.ch\/en\/news\/gemeinschaftshaltung-baeren-und-woelfe\/"},"wordCount":292,"publisher":{"@id":"https:\/\/tierpark-bern.ch\/en\/#organization"},"image":{"@id":"https:\/\/tierpark-bern.ch\/en\/news\/gemeinschaftshaltung-baeren-und-woelfe\/#primaryimage"},"thumbnailUrl":"https:\/\/tierpark-bern.ch\/web\/app\/uploads\/2022\/07\/Wolf-Baer_Interaktion_Juli-2022_Foto-Slezak-8145-2.jpg","keywords":["European wolf","Ussurischer Braunb\u00e4r"],"articleSection":["Blog"],"inLanguage":"en-US"},{"@type":"WebPage","@id":"https:\/\/tierpark-bern.ch\/en\/news\/gemeinschaftshaltung-baeren-und-woelfe\/","url":"https:\/\/tierpark-bern.ch\/en\/news\/gemeinschaftshaltung-baeren-und-woelfe\/","name":"Gemeinschaftshaltung B\u00e4ren und W\u00f6lfe | Tierpark Bern","isPartOf":{"@id":"https:\/\/tierpark-bern.ch\/en\/#website"},"primaryImageOfPage":{"@id":"https:\/\/tierpark-bern.ch\/en\/news\/gemeinschaftshaltung-baeren-und-woelfe\/#primaryimage"},"image":{"@id":"https:\/\/tierpark-bern.ch\/en\/news\/gemeinschaftshaltung-baeren-und-woelfe\/#primaryimage"},"thumbnailUrl":"https:\/\/tierpark-bern.ch\/web\/app\/uploads\/2022\/07\/Wolf-Baer_Interaktion_Juli-2022_Foto-Slezak-8145-2.jpg","datePublished":"2022-07-29T11:57:57+00:00","dateModified":"2024-04-18T12:07:08+00:00","description":"Im Tierpark sind die Anlagen f\u00fcr B\u00e4r und Wolf so gebaut, dass die W\u00f6lfe durch speziell gestaltete Schleusen in die Anlage der Braunb\u00e4ren gelangen.","breadcrumb":{"@id":"https:\/\/tierpark-bern.ch\/en\/news\/gemeinschaftshaltung-baeren-und-woelfe\/#breadcrumb"},"inLanguage":"en-US","potentialAction":[{"@type":"ReadAction","target":["https:\/\/tierpark-bern.ch\/en\/news\/gemeinschaftshaltung-baeren-und-woelfe\/"]}]},{"@type":"ImageObject","inLanguage":"en-US","@id":"https:\/\/tierpark-bern.ch\/en\/news\/gemeinschaftshaltung-baeren-und-woelfe\/#primaryimage","url":"https:\/\/tierpark-bern.ch\/web\/app\/uploads\/2022\/07\/Wolf-Baer_Interaktion_Juli-2022_Foto-Slezak-8145-2.jpg","contentUrl":"https:\/\/tierpark-bern.ch\/web\/app\/uploads\/2022\/07\/Wolf-Baer_Interaktion_Juli-2022_Foto-Slezak-8145-2.jpg","width":1500,"height":998,"caption":"B\u00e4r jagt einen Wolf"},{"@type":"BreadcrumbList","@id":"https:\/\/tierpark-bern.ch\/en\/news\/gemeinschaftshaltung-baeren-und-woelfe\/#breadcrumb","itemListElement":[{"@type":"ListItem","position":1,"name":"Home","item":"https:\/\/tierpark-bern.ch\/en\/"},{"@type":"ListItem","position":2,"name":"Gemeinschaftshaltung B\u00e4ren und W\u00f6lfe"}]},{"@type":"WebSite","@id":"https:\/\/tierpark-bern.ch\/en\/#website","url":"https:\/\/tierpark-bern.ch\/en\/","name":"Tierpark Bern","description":"","publisher":{"@id":"https:\/\/tierpark-bern.ch\/en\/#organization"},"potentialAction":[{"@type":"SearchAction","target":{"@type":"EntryPoint","urlTemplate":"https:\/\/tierpark-bern.ch\/en\/?s={search_term_string}"},"query-input":{"@type":"PropertyValueSpecification","valueRequired":true,"valueName":"search_term_string"}}],"inLanguage":"en-US"},{"@type":"Organization","@id":"https:\/\/tierpark-bern.ch\/en\/#organization","name":"Tierpark Bern | D\u00e4hlh\u00f6lzli + B\u00e4renPark","alternateName":"Tierpark Bern","url":"https:\/\/tierpark-bern.ch\/en\/","logo":{"@type":"ImageObject","inLanguage":"en-US","@id":"https:\/\/tierpark-bern.ch\/en\/#\/schema\/logo\/image\/","url":"https:\/\/tierpark-bern.ch\/web\/app\/uploads\/2024\/04\/tierpark-bern-696x696-1.jpg","contentUrl":"https:\/\/tierpark-bern.ch\/web\/app\/uploads\/2024\/04\/tierpark-bern-696x696-1.jpg","width":696,"height":696,"caption":"Tierpark Bern | D\u00e4hlh\u00f6lzli + B\u00e4renPark"},"image":{"@id":"https:\/\/tierpark-bern.ch\/en\/#\/schema\/logo\/image\/"},"sameAs":["https:\/\/www.facebook.com\/tierparkbern\/","https:\/\/x.com\/tierparkbern","https:\/\/www.instagram.com\/tierparkbern\/"]}]}},"_links":{"self":[{"href":"https:\/\/tierpark-bern.ch\/en\/wp-json\/wp\/v2\/posts\/51630","targetHints":{"allow":["GET"]}}],"collection":[{"href":"https:\/\/tierpark-bern.ch\/en\/wp-json\/wp\/v2\/posts"}],"about":[{"href":"https:\/\/tierpark-bern.ch\/en\/wp-json\/wp\/v2\/types\/post"}],"author":[{"embeddable":true,"href":"https:\/\/tierpark-bern.ch\/en\/wp-json\/wp\/v2\/users\/10"}],"replies":[{"embeddable":true,"href":"https:\/\/tierpark-bern.ch\/en\/wp-json\/wp\/v2\/comments?post=51630"}],"version-history":[{"count":0,"href":"https:\/\/tierpark-bern.ch\/en\/wp-json\/wp\/v2\/posts\/51630\/revisions"}],"wp:featuredmedia":[{"embeddable":true,"href":"https:\/\/tierpark-bern.ch\/en\/wp-json\/wp\/v2\/media\/45610"}],"wp:attachment":[{"href":"https:\/\/tierpark-bern.ch\/en\/wp-json\/wp\/v2\/media?parent=51630"}],"wp:term":[{"taxonomy":"category","embeddable":true,"href":"https:\/\/tierpark-bern.ch\/en\/wp-json\/wp\/v2\/categories?post=51630"},{"taxonomy":"post_tag","embeddable":true,"href":"https:\/\/tierpark-bern.ch\/en\/wp-json\/wp\/v2\/tags?post=51630"},{"taxonomy":"zoo-type","embeddable":true,"href":"https:\/\/tierpark-bern.ch\/en\/wp-json\/wp\/v2\/zoo-type?post=51630"},{"taxonomy":"animal-list","embeddable":true,"href":"https:\/\/tierpark-bern.ch\/en\/wp-json\/wp\/v2\/animal-list?post=51630"}],"curies":[{"name":"wp","href":"https:\/\/api.w.org\/{rel}","templated":true}]}}