
{"id":51684,"date":"2020-06-21T14:03:53","date_gmt":"2020-06-21T12:03:53","guid":{"rendered":"https:\/\/tierpark-bern.ch\/news\/eiderenten-nachwuchs-im-tierpark\/"},"modified":"2024-02-17T15:08:23","modified_gmt":"2024-02-17T14:08:23","slug":"eiderenten-nachwuchs-im-tierpark","status":"publish","type":"post","link":"https:\/\/tierpark-bern.ch\/en\/news\/eiderenten-nachwuchs-im-tierpark\/","title":{"rendered":"Eiderenten Nachwuchs im Tierpark"},"content":{"rendered":"<div class=\"wpb-content-wrapper\"><p>[vc_row][vc_column][vc_column_text]<\/p>\n<h2>Nach 3 Jahren gelang uns wieder eine Naturbrut bei den Eiderenten<\/h2>\n<p>Am Sonntag, 21. Juni 2020, sind 3 Eiderenten geschl\u00fcpft. Sie sind nun eifrig in der Anlage der Moschusochsen unterwegs.\u00a0Die Mutter luegt gut zu ihnen und ruft sie immer wieder zu sich.[\/vc_column_text][\/vc_column][\/vc_row]<\/p>\n<\/div>","protected":false},"excerpt":{"rendered":"<p> Am 21. Juni 2020, sind 3 Eiderenten geschl\u00fcpft. Sie sind nun eifrig in der Anlage der Moschusochsen unterwegs.<\/p>\n","protected":false},"author":1,"featured_media":22593,"comment_status":"closed","ping_status":"closed","sticky":false,"template":"","format":"standard","meta":{"_acf_changed":false,"footnotes":""},"categories":[305],"tags":[353],"zoo-type":[383],"animal-list":[739],"class_list":["post-51684","post","type-post","status-publish","format-standard","has-post-thumbnail","hentry","category-allgemein","tag-eiderente-en","zoo-type-daehlhoelzli","animal-list-eiderente-en"],"acf":[],"yoast_head":"<title>Eiderenten Nachwuchs im Tierpark | Tierpark Bern<\/title>\n<meta name=\"description\" content=\"Am Sonntag, 21. Juni 2020, sind 3 Eiderenten geschl\u00fcpft. Sie sind nun eifrig in der Anlage der Moschusochsen unterwegs.\u00a0\" \/>\n<meta name=\"robots\" content=\"index, follow, max-snippet:-1, max-image-preview:large, max-video-preview:-1\" \/>\n<link rel=\"canonical\" href=\"https:\/\/tierpark-bern.ch\/en\/news\/eiderenten-nachwuchs-im-tierpark\/\" \/>\n<meta property=\"og:locale\" content=\"en_US\" \/>\n<meta property=\"og:type\" content=\"article\" \/>\n<meta property=\"og:title\" content=\"Eiderenten Nachwuchs im Tierpark | Tierpark Bern\" \/>\n<meta property=\"og:description\" content=\"Am Sonntag, 21. Juni 2020, sind 3 Eiderenten geschl\u00fcpft. Sie sind nun eifrig in der Anlage der Moschusochsen unterwegs.\u00a0\" \/>\n<meta property=\"og:url\" content=\"https:\/\/tierpark-bern.ch\/en\/news\/eiderenten-nachwuchs-im-tierpark\/\" \/>\n<meta property=\"og:site_name\" content=\"Tierpark Bern\" \/>\n<meta property=\"article:publisher\" content=\"https:\/\/www.facebook.com\/tierparkbern\/\" \/>\n<meta property=\"article:published_time\" content=\"2020-06-21T12:03:53+00:00\" \/>\n<meta property=\"article:modified_time\" content=\"2024-02-17T14:08:23+00:00\" \/>\n<meta property=\"og:image\" content=\"https:\/\/tierpark-bern.ch\/web\/app\/uploads\/2022\/02\/eiderenten-tierpark-bern-43.jpg\" \/>\n\t<meta property=\"og:image:width\" content=\"1500\" \/>\n\t<meta property=\"og:image:height\" content=\"998\" \/>\n\t<meta property=\"og:image:type\" content=\"image\/jpeg\" \/>\n<meta name=\"author\" content=\"Admin\" \/>\n<script type=\"application\/ld+json\" class=\"yoast-schema-graph\">{\"@context\":\"https:\/\/schema.org\",\"@graph\":[{\"@type\":\"Article\",\"@id\":\"https:\/\/tierpark-bern.ch\/en\/news\/eiderenten-nachwuchs-im-tierpark\/#article\",\"isPartOf\":{\"@id\":\"https:\/\/tierpark-bern.ch\/en\/news\/eiderenten-nachwuchs-im-tierpark\/\"},\"author\":{\"name\":\"Admin\",\"@id\":\"https:\/\/tierpark-bern.ch\/en\/#\/schema\/person\/fc8c06f92d4096baa065d0e5a8a5ffd7\"},\"headline\":\"Eiderenten Nachwuchs im Tierpark\",\"datePublished\":\"2020-06-21T12:03:53+00:00\",\"dateModified\":\"2024-02-17T14:08:23+00:00\",\"mainEntityOfPage\":{\"@id\":\"https:\/\/tierpark-bern.ch\/en\/news\/eiderenten-nachwuchs-im-tierpark\/\"},\"wordCount\":58,\"publisher\":{\"@id\":\"https:\/\/tierpark-bern.ch\/en\/#organization\"},\"image\":{\"@id\":\"https:\/\/tierpark-bern.ch\/en\/news\/eiderenten-nachwuchs-im-tierpark\/#primaryimage\"},\"thumbnailUrl\":\"https:\/\/tierpark-bern.ch\/web\/app\/uploads\/2022\/02\/eiderenten-tierpark-bern-43.jpg\",\"keywords\":[\"Eider duck\"],\"articleSection\":[\"News\"],\"inLanguage\":\"en-US\"},{\"@type\":\"WebPage\",\"@id\":\"https:\/\/tierpark-bern.ch\/en\/news\/eiderenten-nachwuchs-im-tierpark\/\",\"url\":\"https:\/\/tierpark-bern.ch\/en\/news\/eiderenten-nachwuchs-im-tierpark\/\",\"name\":\"Eiderenten Nachwuchs im Tierpark | Tierpark Bern\",\"isPartOf\":{\"@id\":\"https:\/\/tierpark-bern.ch\/en\/#website\"},\"primaryImageOfPage\":{\"@id\":\"https:\/\/tierpark-bern.ch\/en\/news\/eiderenten-nachwuchs-im-tierpark\/#primaryimage\"},\"image\":{\"@id\":\"https:\/\/tierpark-bern.ch\/en\/news\/eiderenten-nachwuchs-im-tierpark\/#primaryimage\"},\"thumbnailUrl\":\"https:\/\/tierpark-bern.ch\/web\/app\/uploads\/2022\/02\/eiderenten-tierpark-bern-43.jpg\",\"datePublished\":\"2020-06-21T12:03:53+00:00\",\"dateModified\":\"2024-02-17T14:08:23+00:00\",\"description\":\"Am Sonntag, 21. Juni 2020, sind 3 Eiderenten geschl\u00fcpft. Sie sind nun eifrig in der Anlage der Moschusochsen unterwegs.\u00a0\",\"breadcrumb\":{\"@id\":\"https:\/\/tierpark-bern.ch\/en\/news\/eiderenten-nachwuchs-im-tierpark\/#breadcrumb\"},\"inLanguage\":\"en-US\",\"potentialAction\":[{\"@type\":\"ReadAction\",\"target\":[\"https:\/\/tierpark-bern.ch\/en\/news\/eiderenten-nachwuchs-im-tierpark\/\"]}]},{\"@type\":\"ImageObject\",\"inLanguage\":\"en-US\",\"@id\":\"https:\/\/tierpark-bern.ch\/en\/news\/eiderenten-nachwuchs-im-tierpark\/#primaryimage\",\"url\":\"https:\/\/tierpark-bern.ch\/web\/app\/uploads\/2022\/02\/eiderenten-tierpark-bern-43.jpg\",\"contentUrl\":\"https:\/\/tierpark-bern.ch\/web\/app\/uploads\/2022\/02\/eiderenten-tierpark-bern-43.jpg\",\"width\":1500,\"height\":998},{\"@type\":\"BreadcrumbList\",\"@id\":\"https:\/\/tierpark-bern.ch\/en\/news\/eiderenten-nachwuchs-im-tierpark\/#breadcrumb\",\"itemListElement\":[{\"@type\":\"ListItem\",\"position\":1,\"name\":\"Home\",\"item\":\"https:\/\/tierpark-bern.ch\/en\/\"},{\"@type\":\"ListItem\",\"position\":2,\"name\":\"Eiderenten Nachwuchs im Tierpark\"}]},{\"@type\":\"WebSite\",\"@id\":\"https:\/\/tierpark-bern.ch\/en\/#website\",\"url\":\"https:\/\/tierpark-bern.ch\/en\/\",\"name\":\"Tierpark Bern\",\"description\":\"\",\"publisher\":{\"@id\":\"https:\/\/tierpark-bern.ch\/en\/#organization\"},\"potentialAction\":[{\"@type\":\"SearchAction\",\"target\":{\"@type\":\"EntryPoint\",\"urlTemplate\":\"https:\/\/tierpark-bern.ch\/en\/?s={search_term_string}\"},\"query-input\":{\"@type\":\"PropertyValueSpecification\",\"valueRequired\":true,\"valueName\":\"search_term_string\"}}],\"inLanguage\":\"en-US\"},{\"@type\":\"Organization\",\"@id\":\"https:\/\/tierpark-bern.ch\/en\/#organization\",\"name\":\"Tierpark Bern | D\u00e4hlh\u00f6lzli + B\u00e4renPark\",\"alternateName\":\"Tierpark Bern\",\"url\":\"https:\/\/tierpark-bern.ch\/en\/\",\"logo\":{\"@type\":\"ImageObject\",\"inLanguage\":\"en-US\",\"@id\":\"https:\/\/tierpark-bern.ch\/en\/#\/schema\/logo\/image\/\",\"url\":\"https:\/\/tierpark-bern.ch\/web\/app\/uploads\/2024\/04\/tierpark-bern-696x696-1.jpg\",\"contentUrl\":\"https:\/\/tierpark-bern.ch\/web\/app\/uploads\/2024\/04\/tierpark-bern-696x696-1.jpg\",\"width\":696,\"height\":696,\"caption\":\"Tierpark Bern | D\u00e4hlh\u00f6lzli + B\u00e4renPark\"},\"image\":{\"@id\":\"https:\/\/tierpark-bern.ch\/en\/#\/schema\/logo\/image\/\"},\"sameAs\":[\"https:\/\/www.facebook.com\/tierparkbern\/\",\"https:\/\/x.com\/tierparkbern\",\"https:\/\/www.instagram.com\/tierparkbern\/\"]}]}<\/script>","yoast_head_json":{"title":"Eiderenten Nachwuchs im Tierpark | Tierpark Bern","description":"Am Sonntag, 21. Juni 2020, sind 3 Eiderenten geschl\u00fcpft. Sie sind nun eifrig in der Anlage der Moschusochsen unterwegs.\u00a0","robots":{"index":"index","follow":"follow","max-snippet":"max-snippet:-1","max-image-preview":"max-image-preview:large","max-video-preview":"max-video-preview:-1"},"canonical":"https:\/\/tierpark-bern.ch\/en\/news\/eiderenten-nachwuchs-im-tierpark\/","og_locale":"en_US","og_type":"article","og_title":"Eiderenten Nachwuchs im Tierpark | Tierpark Bern","og_description":"Am Sonntag, 21. Juni 2020, sind 3 Eiderenten geschl\u00fcpft. Sie sind nun eifrig in der Anlage der Moschusochsen unterwegs.\u00a0","og_url":"https:\/\/tierpark-bern.ch\/en\/news\/eiderenten-nachwuchs-im-tierpark\/","og_site_name":"Tierpark Bern","article_publisher":"https:\/\/www.facebook.com\/tierparkbern\/","article_published_time":"2020-06-21T12:03:53+00:00","article_modified_time":"2024-02-17T14:08:23+00:00","og_image":[{"width":1500,"height":998,"url":"https:\/\/tierpark-bern.ch\/web\/app\/uploads\/2022\/02\/eiderenten-tierpark-bern-43.jpg","type":"image\/jpeg"}],"author":"Admin","schema":{"@context":"https:\/\/schema.org","@graph":[{"@type":"Article","@id":"https:\/\/tierpark-bern.ch\/en\/news\/eiderenten-nachwuchs-im-tierpark\/#article","isPartOf":{"@id":"https:\/\/tierpark-bern.ch\/en\/news\/eiderenten-nachwuchs-im-tierpark\/"},"author":{"name":"Admin","@id":"https:\/\/tierpark-bern.ch\/en\/#\/schema\/person\/fc8c06f92d4096baa065d0e5a8a5ffd7"},"headline":"Eiderenten Nachwuchs im Tierpark","datePublished":"2020-06-21T12:03:53+00:00","dateModified":"2024-02-17T14:08:23+00:00","mainEntityOfPage":{"@id":"https:\/\/tierpark-bern.ch\/en\/news\/eiderenten-nachwuchs-im-tierpark\/"},"wordCount":58,"publisher":{"@id":"https:\/\/tierpark-bern.ch\/en\/#organization"},"image":{"@id":"https:\/\/tierpark-bern.ch\/en\/news\/eiderenten-nachwuchs-im-tierpark\/#primaryimage"},"thumbnailUrl":"https:\/\/tierpark-bern.ch\/web\/app\/uploads\/2022\/02\/eiderenten-tierpark-bern-43.jpg","keywords":["Eider duck"],"articleSection":["News"],"inLanguage":"en-US"},{"@type":"WebPage","@id":"https:\/\/tierpark-bern.ch\/en\/news\/eiderenten-nachwuchs-im-tierpark\/","url":"https:\/\/tierpark-bern.ch\/en\/news\/eiderenten-nachwuchs-im-tierpark\/","name":"Eiderenten Nachwuchs im Tierpark | Tierpark Bern","isPartOf":{"@id":"https:\/\/tierpark-bern.ch\/en\/#website"},"primaryImageOfPage":{"@id":"https:\/\/tierpark-bern.ch\/en\/news\/eiderenten-nachwuchs-im-tierpark\/#primaryimage"},"image":{"@id":"https:\/\/tierpark-bern.ch\/en\/news\/eiderenten-nachwuchs-im-tierpark\/#primaryimage"},"thumbnailUrl":"https:\/\/tierpark-bern.ch\/web\/app\/uploads\/2022\/02\/eiderenten-tierpark-bern-43.jpg","datePublished":"2020-06-21T12:03:53+00:00","dateModified":"2024-02-17T14:08:23+00:00","description":"Am Sonntag, 21. Juni 2020, sind 3 Eiderenten geschl\u00fcpft. Sie sind nun eifrig in der Anlage der Moschusochsen unterwegs.\u00a0","breadcrumb":{"@id":"https:\/\/tierpark-bern.ch\/en\/news\/eiderenten-nachwuchs-im-tierpark\/#breadcrumb"},"inLanguage":"en-US","potentialAction":[{"@type":"ReadAction","target":["https:\/\/tierpark-bern.ch\/en\/news\/eiderenten-nachwuchs-im-tierpark\/"]}]},{"@type":"ImageObject","inLanguage":"en-US","@id":"https:\/\/tierpark-bern.ch\/en\/news\/eiderenten-nachwuchs-im-tierpark\/#primaryimage","url":"https:\/\/tierpark-bern.ch\/web\/app\/uploads\/2022\/02\/eiderenten-tierpark-bern-43.jpg","contentUrl":"https:\/\/tierpark-bern.ch\/web\/app\/uploads\/2022\/02\/eiderenten-tierpark-bern-43.jpg","width":1500,"height":998},{"@type":"BreadcrumbList","@id":"https:\/\/tierpark-bern.ch\/en\/news\/eiderenten-nachwuchs-im-tierpark\/#breadcrumb","itemListElement":[{"@type":"ListItem","position":1,"name":"Home","item":"https:\/\/tierpark-bern.ch\/en\/"},{"@type":"ListItem","position":2,"name":"Eiderenten Nachwuchs im Tierpark"}]},{"@type":"WebSite","@id":"https:\/\/tierpark-bern.ch\/en\/#website","url":"https:\/\/tierpark-bern.ch\/en\/","name":"Tierpark Bern","description":"","publisher":{"@id":"https:\/\/tierpark-bern.ch\/en\/#organization"},"potentialAction":[{"@type":"SearchAction","target":{"@type":"EntryPoint","urlTemplate":"https:\/\/tierpark-bern.ch\/en\/?s={search_term_string}"},"query-input":{"@type":"PropertyValueSpecification","valueRequired":true,"valueName":"search_term_string"}}],"inLanguage":"en-US"},{"@type":"Organization","@id":"https:\/\/tierpark-bern.ch\/en\/#organization","name":"Tierpark Bern | D\u00e4hlh\u00f6lzli + B\u00e4renPark","alternateName":"Tierpark Bern","url":"https:\/\/tierpark-bern.ch\/en\/","logo":{"@type":"ImageObject","inLanguage":"en-US","@id":"https:\/\/tierpark-bern.ch\/en\/#\/schema\/logo\/image\/","url":"https:\/\/tierpark-bern.ch\/web\/app\/uploads\/2024\/04\/tierpark-bern-696x696-1.jpg","contentUrl":"https:\/\/tierpark-bern.ch\/web\/app\/uploads\/2024\/04\/tierpark-bern-696x696-1.jpg","width":696,"height":696,"caption":"Tierpark Bern | D\u00e4hlh\u00f6lzli + B\u00e4renPark"},"image":{"@id":"https:\/\/tierpark-bern.ch\/en\/#\/schema\/logo\/image\/"},"sameAs":["https:\/\/www.facebook.com\/tierparkbern\/","https:\/\/x.com\/tierparkbern","https:\/\/www.instagram.com\/tierparkbern\/"]}]}},"_links":{"self":[{"href":"https:\/\/tierpark-bern.ch\/en\/wp-json\/wp\/v2\/posts\/51684","targetHints":{"allow":["GET"]}}],"collection":[{"href":"https:\/\/tierpark-bern.ch\/en\/wp-json\/wp\/v2\/posts"}],"about":[{"href":"https:\/\/tierpark-bern.ch\/en\/wp-json\/wp\/v2\/types\/post"}],"author":[{"embeddable":true,"href":"https:\/\/tierpark-bern.ch\/en\/wp-json\/wp\/v2\/users\/1"}],"replies":[{"embeddable":true,"href":"https:\/\/tierpark-bern.ch\/en\/wp-json\/wp\/v2\/comments?post=51684"}],"version-history":[{"count":0,"href":"https:\/\/tierpark-bern.ch\/en\/wp-json\/wp\/v2\/posts\/51684\/revisions"}],"wp:featuredmedia":[{"embeddable":true,"href":"https:\/\/tierpark-bern.ch\/en\/wp-json\/wp\/v2\/media\/22593"}],"wp:attachment":[{"href":"https:\/\/tierpark-bern.ch\/en\/wp-json\/wp\/v2\/media?parent=51684"}],"wp:term":[{"taxonomy":"category","embeddable":true,"href":"https:\/\/tierpark-bern.ch\/en\/wp-json\/wp\/v2\/categories?post=51684"},{"taxonomy":"post_tag","embeddable":true,"href":"https:\/\/tierpark-bern.ch\/en\/wp-json\/wp\/v2\/tags?post=51684"},{"taxonomy":"zoo-type","embeddable":true,"href":"https:\/\/tierpark-bern.ch\/en\/wp-json\/wp\/v2\/zoo-type?post=51684"},{"taxonomy":"animal-list","embeddable":true,"href":"https:\/\/tierpark-bern.ch\/en\/wp-json\/wp\/v2\/animal-list?post=51684"}],"curies":[{"name":"wp","href":"https:\/\/api.w.org\/{rel}","templated":true}]}}