
{"id":51702,"date":"2017-10-17T13:47:36","date_gmt":"2017-10-17T11:47:36","guid":{"rendered":"https:\/\/tierpark-bern.ch\/news\/mehr-platz-fuer-die-berner-krokodile\/"},"modified":"2024-02-17T14:54:39","modified_gmt":"2024-02-17T13:54:39","slug":"mehr-platz-fuer-die-berner-krokodile","status":"publish","type":"post","link":"https:\/\/tierpark-bern.ch\/en\/news\/mehr-platz-fuer-die-berner-krokodile\/","title":{"rendered":"Mehr Platz f\u00fcr die Berner Stumpfkrokodile"},"content":{"rendered":"<div class=\"wpb-content-wrapper\"><p>[vc_row][vc_column][vc_column_text]<\/p>\n<h2>Neubau der Krokodil-Anlage<\/h2>\n<p>\u00abNicht reden, sondern machen\u00bb war das Motto zum Spatenstich vom 21. April 2017 und der Zeitplan ambiti\u00f6s&#8230; Doch das Tierparkteam hat ganze Arbeit geleistet: Die neue Krokodilwelt in Bern wurde nach nur sechs Monaten Bauzeit fertiggestellt und am 17. Oktober 2017 er\u00f6ffnet. Finanziert wurde sie zu 100% aus Drittmitteln und pers\u00f6nlichen Spenden aus der D\u00e4hlh\u00f6lzli-Benefizgala.<\/p>\n<p>Am 28. Januar 2017 folgten 180 Pers\u00f6nlichkeiten aus Politik, Wirtschaft, Kultur und Gesellschaft einer Einladung der besonderen Art auf den Berner Hausberg. An dieser dritten D\u00e4hlh\u00f6lzli-Benefizgala spendeten sie alle grossz\u00fcgig f\u00fcr die Tiere, und es kamen 110 150 Franken f\u00fcr die neue Krokodilanlage im Vivarium zusammen.<br \/>\nUnsere afrikanischen Stumpfkrokodile lebten bislang im Vivarium in einem Lebensraum, der seit 1988 unver\u00e4ndert war und der dringend der Verbesserung bedurfte. Mehr Platz, mehr Wasser, mehr R\u00fcckzugsr\u00e4ume und besseres Licht sollten die neue Anlage auszeichnen. Mit diesen artgem\u00e4ssen Ver\u00e4nderungen sollte auch das \u00abErlebnis Krokodil\u00bb f\u00fcr unsere G\u00e4ste attraktiver werden.<\/p>\n<p>Am 21. April 2017 fand der etwas andere Spatenstich statt. Das Ziel war die Fertigstellung der Anlage nach nur sechs Monaten Bauzeit. Das Bauprojekt wurde vom bew\u00e4hrten Team des Tierparks Bern ausgearbeitet und auch von diesem realisiert. Die Gesamtkosten beliefen sich auf 195000 Franken, zu 100% finanziert aus Drittmitteln, die Bauzeit betrug tats\u00e4chlich nur sechs Monate.<\/p>\n<p>Die Anlage wurde gezielt so konstruiert, dass es den Krokodilen m\u00f6glich sein sollte, ihre Eier in einem grossen Nesth\u00fcgel abzulegen und ausbr\u00fcten zu lassen. Auch bietet die Anlage hinreichend Platz und R\u00fcckzug f\u00fcr die nat\u00fcrliche Aufzucht der Jungtiere durch die Elterntiere. Junge und alte Krokodile zusammen in einer Anlage, das ist unser n\u00e4chster Traum f\u00fcr unsere Tiere und unsere G\u00e4ste.[\/vc_column_text][\/vc_column][\/vc_row][vc_row][vc_column width=&#8221;1\/2&#8243;][vc_single_image image=&#8221;26071&#8243; add_caption=&#8221;yes&#8221;][\/vc_column][vc_column width=&#8221;1\/2&#8243;][vc_single_image image=&#8221;22012&#8243; add_caption=&#8221;yes&#8221;][\/vc_column][\/vc_row][vc_row][vc_column][vc_column_text]<\/p>\n<h2>Das Stumpfkrokodil<\/h2>\n<p>Das Stumpfkrokodil, namensgebend ist die f\u00fcr ein Krokodil kurze und stumpfe Schnauze, ist ein Bewohner Zentralafrikas. Es geh\u00f6rt zu den echten Krokodilen, die zusammen mit den Alligatoren und den Gavialen die Ordnung der Krokodile bilden. Zu dieser Ordnung geh\u00f6ren zwar nur 15 Arten der echten Krokodile, viel interessanter ist aber, was sie alle kennzeichnet.<\/p>\n<p>\u00dcber 300 Millionen Jahre haben die Krokodile alle m\u00f6glichen Arten kommen und gehen sehen: z.B. die Dinosaurier, den Arch\u00e4opteryx und das Mammut. Die ektothermen Reptilien besitzen nicht nur einen \u00abPanzer\u00bb, gebildet durch verkn\u00f6cherte, dicke Hautschuppen aus Horn, sondern eine weitere, wichtige Eigenschaft: Sie besch\u00fctzen und pflegen ihre Jungtiere. Wir alle kennen die Bilder von weiblichen Krokodilen, die ihre Jungtiere im Maul zum Wasser tragen und diese dort bewachen. Im Ergebnis f\u00fchrt diese Brutpflege zu einer deutlich h\u00f6heren \u00dcberlebensrate bei den Jungtieren.<\/p>\n<p>Krokodile k\u00f6nnen recht alt werden, und unser m\u00e4nnliches Krokodil geh\u00f6rt zu den \u00e4ltesten Bewohnern des D\u00e4hlh\u00f6lzli. Es geh\u00f6rte zu den ersten Bewohnern des neuen Vivariums im Jahr 1988. Importiert wurde es aber bereits 1977 aus dem Togo. Unser weibliches Krokodil lebt seit 2012 im D\u00e4hl- h\u00f6lzli und wurde 1968 vom Zoo Mulhouse importiert.[\/vc_column_text][\/vc_column][\/vc_row]<\/p>\n<\/div>","protected":false},"excerpt":{"rendered":"<p>Die neue Krokodilwelt in Bern wurde nach nur sechs Monaten Bauzeit fertiggestellt und am 17. Oktober 2017 er\u00f6ffnet.<\/p>\n","protected":false},"author":1,"featured_media":22016,"comment_status":"closed","ping_status":"closed","sticky":false,"template":"","format":"standard","meta":{"_acf_changed":false,"footnotes":""},"categories":[305,337],"tags":[],"zoo-type":[383],"animal-list":[],"class_list":["post-51702","post","type-post","status-publish","format-standard","has-post-thumbnail","hentry","category-allgemein","category-vergangene-projekte-en","zoo-type-daehlhoelzli"],"acf":[],"yoast_head":"<title>Mehr Platz f\u00fcr die Berner Stumpfkrokodile | Tierpark Bern<\/title>\n<meta name=\"description\" content=\"Die neue Krokodilwelt in Bern wurde nach nur sechs Monaten Bauzeit fertiggestellt und am 17. Oktober 2017 er\u00f6ffnet.\" \/>\n<meta name=\"robots\" content=\"index, follow, max-snippet:-1, max-image-preview:large, max-video-preview:-1\" \/>\n<link rel=\"canonical\" href=\"https:\/\/tierpark-bern.ch\/en\/news\/mehr-platz-fuer-die-berner-krokodile\/\" \/>\n<meta property=\"og:locale\" content=\"en_US\" \/>\n<meta property=\"og:type\" content=\"article\" \/>\n<meta property=\"og:title\" content=\"Mehr Platz f\u00fcr die Berner Stumpfkrokodile | Tierpark Bern\" \/>\n<meta property=\"og:description\" content=\"Die neue Krokodilwelt in Bern wurde nach nur sechs Monaten Bauzeit fertiggestellt und am 17. Oktober 2017 er\u00f6ffnet.\" \/>\n<meta property=\"og:url\" content=\"https:\/\/tierpark-bern.ch\/en\/news\/mehr-platz-fuer-die-berner-krokodile\/\" \/>\n<meta property=\"og:site_name\" content=\"Tierpark Bern\" \/>\n<meta property=\"article:publisher\" content=\"https:\/\/www.facebook.com\/tierparkbern\/\" \/>\n<meta property=\"article:published_time\" content=\"2017-10-17T11:47:36+00:00\" \/>\n<meta property=\"article:modified_time\" content=\"2024-02-17T13:54:39+00:00\" \/>\n<meta property=\"og:image\" content=\"https:\/\/tierpark-bern.ch\/web\/app\/uploads\/2020\/07\/Stumpfkrokodil-rando-Tierpark-Bern-87.jpg\" \/>\n\t<meta property=\"og:image:width\" content=\"1500\" \/>\n\t<meta property=\"og:image:height\" content=\"998\" \/>\n\t<meta property=\"og:image:type\" content=\"image\/jpeg\" \/>\n<meta name=\"author\" content=\"Admin\" \/>\n<script type=\"application\/ld+json\" class=\"yoast-schema-graph\">{\"@context\":\"https:\/\/schema.org\",\"@graph\":[{\"@type\":\"Article\",\"@id\":\"https:\/\/tierpark-bern.ch\/en\/news\/mehr-platz-fuer-die-berner-krokodile\/#article\",\"isPartOf\":{\"@id\":\"https:\/\/tierpark-bern.ch\/en\/news\/mehr-platz-fuer-die-berner-krokodile\/\"},\"author\":{\"name\":\"Admin\",\"@id\":\"https:\/\/tierpark-bern.ch\/en\/#\/schema\/person\/fc8c06f92d4096baa065d0e5a8a5ffd7\"},\"headline\":\"Mehr Platz f\u00fcr die Berner Stumpfkrokodile\",\"datePublished\":\"2017-10-17T11:47:36+00:00\",\"dateModified\":\"2024-02-17T13:54:39+00:00\",\"mainEntityOfPage\":{\"@id\":\"https:\/\/tierpark-bern.ch\/en\/news\/mehr-platz-fuer-die-berner-krokodile\/\"},\"wordCount\":548,\"publisher\":{\"@id\":\"https:\/\/tierpark-bern.ch\/en\/#organization\"},\"image\":{\"@id\":\"https:\/\/tierpark-bern.ch\/en\/news\/mehr-platz-fuer-die-berner-krokodile\/#primaryimage\"},\"thumbnailUrl\":\"https:\/\/tierpark-bern.ch\/web\/app\/uploads\/2020\/07\/Stumpfkrokodil-rando-Tierpark-Bern-87.jpg\",\"articleSection\":[\"News\",\"Past projects\"],\"inLanguage\":\"en-US\"},{\"@type\":\"WebPage\",\"@id\":\"https:\/\/tierpark-bern.ch\/en\/news\/mehr-platz-fuer-die-berner-krokodile\/\",\"url\":\"https:\/\/tierpark-bern.ch\/en\/news\/mehr-platz-fuer-die-berner-krokodile\/\",\"name\":\"Mehr Platz f\u00fcr die Berner Stumpfkrokodile | Tierpark Bern\",\"isPartOf\":{\"@id\":\"https:\/\/tierpark-bern.ch\/en\/#website\"},\"primaryImageOfPage\":{\"@id\":\"https:\/\/tierpark-bern.ch\/en\/news\/mehr-platz-fuer-die-berner-krokodile\/#primaryimage\"},\"image\":{\"@id\":\"https:\/\/tierpark-bern.ch\/en\/news\/mehr-platz-fuer-die-berner-krokodile\/#primaryimage\"},\"thumbnailUrl\":\"https:\/\/tierpark-bern.ch\/web\/app\/uploads\/2020\/07\/Stumpfkrokodil-rando-Tierpark-Bern-87.jpg\",\"datePublished\":\"2017-10-17T11:47:36+00:00\",\"dateModified\":\"2024-02-17T13:54:39+00:00\",\"description\":\"Die neue Krokodilwelt in Bern wurde nach nur sechs Monaten Bauzeit fertiggestellt und am 17. Oktober 2017 er\u00f6ffnet.\",\"breadcrumb\":{\"@id\":\"https:\/\/tierpark-bern.ch\/en\/news\/mehr-platz-fuer-die-berner-krokodile\/#breadcrumb\"},\"inLanguage\":\"en-US\",\"potentialAction\":[{\"@type\":\"ReadAction\",\"target\":[\"https:\/\/tierpark-bern.ch\/en\/news\/mehr-platz-fuer-die-berner-krokodile\/\"]}]},{\"@type\":\"ImageObject\",\"inLanguage\":\"en-US\",\"@id\":\"https:\/\/tierpark-bern.ch\/en\/news\/mehr-platz-fuer-die-berner-krokodile\/#primaryimage\",\"url\":\"https:\/\/tierpark-bern.ch\/web\/app\/uploads\/2020\/07\/Stumpfkrokodil-rando-Tierpark-Bern-87.jpg\",\"contentUrl\":\"https:\/\/tierpark-bern.ch\/web\/app\/uploads\/2020\/07\/Stumpfkrokodil-rando-Tierpark-Bern-87.jpg\",\"width\":1500,\"height\":998},{\"@type\":\"BreadcrumbList\",\"@id\":\"https:\/\/tierpark-bern.ch\/en\/news\/mehr-platz-fuer-die-berner-krokodile\/#breadcrumb\",\"itemListElement\":[{\"@type\":\"ListItem\",\"position\":1,\"name\":\"Home\",\"item\":\"https:\/\/tierpark-bern.ch\/en\/\"},{\"@type\":\"ListItem\",\"position\":2,\"name\":\"Mehr Platz f\u00fcr die Berner Stumpfkrokodile\"}]},{\"@type\":\"WebSite\",\"@id\":\"https:\/\/tierpark-bern.ch\/en\/#website\",\"url\":\"https:\/\/tierpark-bern.ch\/en\/\",\"name\":\"Tierpark Bern\",\"description\":\"\",\"publisher\":{\"@id\":\"https:\/\/tierpark-bern.ch\/en\/#organization\"},\"potentialAction\":[{\"@type\":\"SearchAction\",\"target\":{\"@type\":\"EntryPoint\",\"urlTemplate\":\"https:\/\/tierpark-bern.ch\/en\/?s={search_term_string}\"},\"query-input\":{\"@type\":\"PropertyValueSpecification\",\"valueRequired\":true,\"valueName\":\"search_term_string\"}}],\"inLanguage\":\"en-US\"},{\"@type\":\"Organization\",\"@id\":\"https:\/\/tierpark-bern.ch\/en\/#organization\",\"name\":\"Tierpark Bern | D\u00e4hlh\u00f6lzli + B\u00e4renPark\",\"alternateName\":\"Tierpark Bern\",\"url\":\"https:\/\/tierpark-bern.ch\/en\/\",\"logo\":{\"@type\":\"ImageObject\",\"inLanguage\":\"en-US\",\"@id\":\"https:\/\/tierpark-bern.ch\/en\/#\/schema\/logo\/image\/\",\"url\":\"https:\/\/tierpark-bern.ch\/web\/app\/uploads\/2024\/04\/tierpark-bern-696x696-1.jpg\",\"contentUrl\":\"https:\/\/tierpark-bern.ch\/web\/app\/uploads\/2024\/04\/tierpark-bern-696x696-1.jpg\",\"width\":696,\"height\":696,\"caption\":\"Tierpark Bern | D\u00e4hlh\u00f6lzli + B\u00e4renPark\"},\"image\":{\"@id\":\"https:\/\/tierpark-bern.ch\/en\/#\/schema\/logo\/image\/\"},\"sameAs\":[\"https:\/\/www.facebook.com\/tierparkbern\/\",\"https:\/\/x.com\/tierparkbern\",\"https:\/\/www.instagram.com\/tierparkbern\/\"]}]}<\/script>","yoast_head_json":{"title":"Mehr Platz f\u00fcr die Berner Stumpfkrokodile | Tierpark Bern","description":"Die neue Krokodilwelt in Bern wurde nach nur sechs Monaten Bauzeit fertiggestellt und am 17. Oktober 2017 er\u00f6ffnet.","robots":{"index":"index","follow":"follow","max-snippet":"max-snippet:-1","max-image-preview":"max-image-preview:large","max-video-preview":"max-video-preview:-1"},"canonical":"https:\/\/tierpark-bern.ch\/en\/news\/mehr-platz-fuer-die-berner-krokodile\/","og_locale":"en_US","og_type":"article","og_title":"Mehr Platz f\u00fcr die Berner Stumpfkrokodile | Tierpark Bern","og_description":"Die neue Krokodilwelt in Bern wurde nach nur sechs Monaten Bauzeit fertiggestellt und am 17. Oktober 2017 er\u00f6ffnet.","og_url":"https:\/\/tierpark-bern.ch\/en\/news\/mehr-platz-fuer-die-berner-krokodile\/","og_site_name":"Tierpark Bern","article_publisher":"https:\/\/www.facebook.com\/tierparkbern\/","article_published_time":"2017-10-17T11:47:36+00:00","article_modified_time":"2024-02-17T13:54:39+00:00","og_image":[{"width":1500,"height":998,"url":"https:\/\/tierpark-bern.ch\/web\/app\/uploads\/2020\/07\/Stumpfkrokodil-rando-Tierpark-Bern-87.jpg","type":"image\/jpeg"}],"author":"Admin","schema":{"@context":"https:\/\/schema.org","@graph":[{"@type":"Article","@id":"https:\/\/tierpark-bern.ch\/en\/news\/mehr-platz-fuer-die-berner-krokodile\/#article","isPartOf":{"@id":"https:\/\/tierpark-bern.ch\/en\/news\/mehr-platz-fuer-die-berner-krokodile\/"},"author":{"name":"Admin","@id":"https:\/\/tierpark-bern.ch\/en\/#\/schema\/person\/fc8c06f92d4096baa065d0e5a8a5ffd7"},"headline":"Mehr Platz f\u00fcr die Berner Stumpfkrokodile","datePublished":"2017-10-17T11:47:36+00:00","dateModified":"2024-02-17T13:54:39+00:00","mainEntityOfPage":{"@id":"https:\/\/tierpark-bern.ch\/en\/news\/mehr-platz-fuer-die-berner-krokodile\/"},"wordCount":548,"publisher":{"@id":"https:\/\/tierpark-bern.ch\/en\/#organization"},"image":{"@id":"https:\/\/tierpark-bern.ch\/en\/news\/mehr-platz-fuer-die-berner-krokodile\/#primaryimage"},"thumbnailUrl":"https:\/\/tierpark-bern.ch\/web\/app\/uploads\/2020\/07\/Stumpfkrokodil-rando-Tierpark-Bern-87.jpg","articleSection":["News","Past projects"],"inLanguage":"en-US"},{"@type":"WebPage","@id":"https:\/\/tierpark-bern.ch\/en\/news\/mehr-platz-fuer-die-berner-krokodile\/","url":"https:\/\/tierpark-bern.ch\/en\/news\/mehr-platz-fuer-die-berner-krokodile\/","name":"Mehr Platz f\u00fcr die Berner Stumpfkrokodile | Tierpark Bern","isPartOf":{"@id":"https:\/\/tierpark-bern.ch\/en\/#website"},"primaryImageOfPage":{"@id":"https:\/\/tierpark-bern.ch\/en\/news\/mehr-platz-fuer-die-berner-krokodile\/#primaryimage"},"image":{"@id":"https:\/\/tierpark-bern.ch\/en\/news\/mehr-platz-fuer-die-berner-krokodile\/#primaryimage"},"thumbnailUrl":"https:\/\/tierpark-bern.ch\/web\/app\/uploads\/2020\/07\/Stumpfkrokodil-rando-Tierpark-Bern-87.jpg","datePublished":"2017-10-17T11:47:36+00:00","dateModified":"2024-02-17T13:54:39+00:00","description":"Die neue Krokodilwelt in Bern wurde nach nur sechs Monaten Bauzeit fertiggestellt und am 17. Oktober 2017 er\u00f6ffnet.","breadcrumb":{"@id":"https:\/\/tierpark-bern.ch\/en\/news\/mehr-platz-fuer-die-berner-krokodile\/#breadcrumb"},"inLanguage":"en-US","potentialAction":[{"@type":"ReadAction","target":["https:\/\/tierpark-bern.ch\/en\/news\/mehr-platz-fuer-die-berner-krokodile\/"]}]},{"@type":"ImageObject","inLanguage":"en-US","@id":"https:\/\/tierpark-bern.ch\/en\/news\/mehr-platz-fuer-die-berner-krokodile\/#primaryimage","url":"https:\/\/tierpark-bern.ch\/web\/app\/uploads\/2020\/07\/Stumpfkrokodil-rando-Tierpark-Bern-87.jpg","contentUrl":"https:\/\/tierpark-bern.ch\/web\/app\/uploads\/2020\/07\/Stumpfkrokodil-rando-Tierpark-Bern-87.jpg","width":1500,"height":998},{"@type":"BreadcrumbList","@id":"https:\/\/tierpark-bern.ch\/en\/news\/mehr-platz-fuer-die-berner-krokodile\/#breadcrumb","itemListElement":[{"@type":"ListItem","position":1,"name":"Home","item":"https:\/\/tierpark-bern.ch\/en\/"},{"@type":"ListItem","position":2,"name":"Mehr Platz f\u00fcr die Berner Stumpfkrokodile"}]},{"@type":"WebSite","@id":"https:\/\/tierpark-bern.ch\/en\/#website","url":"https:\/\/tierpark-bern.ch\/en\/","name":"Tierpark Bern","description":"","publisher":{"@id":"https:\/\/tierpark-bern.ch\/en\/#organization"},"potentialAction":[{"@type":"SearchAction","target":{"@type":"EntryPoint","urlTemplate":"https:\/\/tierpark-bern.ch\/en\/?s={search_term_string}"},"query-input":{"@type":"PropertyValueSpecification","valueRequired":true,"valueName":"search_term_string"}}],"inLanguage":"en-US"},{"@type":"Organization","@id":"https:\/\/tierpark-bern.ch\/en\/#organization","name":"Tierpark Bern | D\u00e4hlh\u00f6lzli + B\u00e4renPark","alternateName":"Tierpark Bern","url":"https:\/\/tierpark-bern.ch\/en\/","logo":{"@type":"ImageObject","inLanguage":"en-US","@id":"https:\/\/tierpark-bern.ch\/en\/#\/schema\/logo\/image\/","url":"https:\/\/tierpark-bern.ch\/web\/app\/uploads\/2024\/04\/tierpark-bern-696x696-1.jpg","contentUrl":"https:\/\/tierpark-bern.ch\/web\/app\/uploads\/2024\/04\/tierpark-bern-696x696-1.jpg","width":696,"height":696,"caption":"Tierpark Bern | D\u00e4hlh\u00f6lzli + B\u00e4renPark"},"image":{"@id":"https:\/\/tierpark-bern.ch\/en\/#\/schema\/logo\/image\/"},"sameAs":["https:\/\/www.facebook.com\/tierparkbern\/","https:\/\/x.com\/tierparkbern","https:\/\/www.instagram.com\/tierparkbern\/"]}]}},"_links":{"self":[{"href":"https:\/\/tierpark-bern.ch\/en\/wp-json\/wp\/v2\/posts\/51702","targetHints":{"allow":["GET"]}}],"collection":[{"href":"https:\/\/tierpark-bern.ch\/en\/wp-json\/wp\/v2\/posts"}],"about":[{"href":"https:\/\/tierpark-bern.ch\/en\/wp-json\/wp\/v2\/types\/post"}],"author":[{"embeddable":true,"href":"https:\/\/tierpark-bern.ch\/en\/wp-json\/wp\/v2\/users\/1"}],"replies":[{"embeddable":true,"href":"https:\/\/tierpark-bern.ch\/en\/wp-json\/wp\/v2\/comments?post=51702"}],"version-history":[{"count":0,"href":"https:\/\/tierpark-bern.ch\/en\/wp-json\/wp\/v2\/posts\/51702\/revisions"}],"wp:featuredmedia":[{"embeddable":true,"href":"https:\/\/tierpark-bern.ch\/en\/wp-json\/wp\/v2\/media\/22016"}],"wp:attachment":[{"href":"https:\/\/tierpark-bern.ch\/en\/wp-json\/wp\/v2\/media?parent=51702"}],"wp:term":[{"taxonomy":"category","embeddable":true,"href":"https:\/\/tierpark-bern.ch\/en\/wp-json\/wp\/v2\/categories?post=51702"},{"taxonomy":"post_tag","embeddable":true,"href":"https:\/\/tierpark-bern.ch\/en\/wp-json\/wp\/v2\/tags?post=51702"},{"taxonomy":"zoo-type","embeddable":true,"href":"https:\/\/tierpark-bern.ch\/en\/wp-json\/wp\/v2\/zoo-type?post=51702"},{"taxonomy":"animal-list","embeddable":true,"href":"https:\/\/tierpark-bern.ch\/en\/wp-json\/wp\/v2\/animal-list?post=51702"}],"curies":[{"name":"wp","href":"https:\/\/api.w.org\/{rel}","templated":true}]}}