
{"id":60234,"date":"2023-08-23T13:56:00","date_gmt":"2023-08-23T11:56:00","guid":{"rendered":"https:\/\/tierpark-bern.ch\/news\/die-nacht-ist-schoen\/"},"modified":"2024-02-17T15:19:35","modified_gmt":"2024-02-17T14:19:35","slug":"die-nacht-ist-schoen","status":"publish","type":"post","link":"https:\/\/tierpark-bern.ch\/en\/news\/die-nacht-ist-schoen\/","title":{"rendered":"Die Nacht ist sch\u00f6n!"},"content":{"rendered":"<div class=\"wpb-content-wrapper\"><p>[vc_row][vc_column][vc_column_text]<\/p>\n<h2>Tierpark by Night \u2013 Erleben Sie unsere Tierwelt in der Nacht<\/h2>\n<p>Im n\u00e4chtlichen Tierpark begeben sich die einen Tiere zur Ruhe, w\u00e4hrend andere erst richtig munter werden. Auch im Dschungel von Bern ist in der Nacht ziemlich viel los, wie Froschkonzert oder Affentheater. Auf einer st\u00fcndigen F\u00fchrung durch den Tierpark zeigt sich mit etwas Gl\u00fcck, das eine oder andere nachtaktive Tier. Sehen und h\u00f6ren Sie selbst!<\/p>\n<p><strong>Eine Anmeldung \u00fcber den untenstehenden Link ist zwingend erforderlich.<\/strong>[\/vc_column_text][\/vc_column][\/vc_row][vc_row][vc_column][vc_column_text]<strong>Wann:<\/strong> 08. September 2023, 22:00 &#8211; 23:00 Uhr<\/p>\n<p><strong>Wo:<\/strong> D\u00e4hlh\u00f6lzli<\/p>\n<p><strong>Treffpunkt:<\/strong> Vor dem Wisentstall, gegen\u00fcber dem Ausgang D\u00e4hlh\u00f6lzli-Zoo<\/p>\n<p><strong>Kosten:<\/strong> Erwachsene CHF 0.00, Kinder CHF 0.00<\/p>\n<p><strong>Zielgruppe:<\/strong> Die F\u00fchrungen sind f\u00fcr Erwachsene und Kinder ab 8 Jahren geeignet.[\/vc_column_text][\/vc_column][\/vc_row][vc_row][vc_column][vc_message message_box_color=&#8221;sandy_brown&#8221;]<strong>F\u00fcr diese Veranstaltung sind keine Tickets mehr verf\u00fcgbar!<\/strong>[\/vc_message][\/vc_column][\/vc_row]<\/p>\n<\/div>","protected":false},"excerpt":{"rendered":"<p>Im n\u00e4chtlichen Tierpark Bern begeben sich die einen Tiere zur Ruhe, w\u00e4hrend andere erst richtig munter werden.<\/p>\n","protected":false},"author":1,"featured_media":60227,"comment_status":"closed","ping_status":"closed","sticky":false,"template":"","format":"standard","meta":{"_acf_changed":false,"footnotes":""},"categories":[305],"tags":[],"zoo-type":[383],"animal-list":[],"class_list":["post-60234","post","type-post","status-publish","format-standard","has-post-thumbnail","hentry","category-allgemein","zoo-type-daehlhoelzli"],"acf":[],"yoast_head":"<title>Die Nacht ist sch\u00f6n! | Tierpark Bern<\/title>\n<meta name=\"description\" content=\"Im n\u00e4chtlichen Tierpark Bern begeben sich die einen Tiere zur Ruhe, w\u00e4hrend andere erst richtig munter werden.\" \/>\n<meta name=\"robots\" content=\"index, follow, max-snippet:-1, max-image-preview:large, max-video-preview:-1\" \/>\n<link rel=\"canonical\" href=\"https:\/\/tierpark-bern.ch\/en\/news\/die-nacht-ist-schoen\/\" \/>\n<meta property=\"og:locale\" content=\"en_US\" \/>\n<meta property=\"og:type\" content=\"article\" \/>\n<meta property=\"og:title\" content=\"Die Nacht ist sch\u00f6n! | Tierpark Bern\" \/>\n<meta property=\"og:description\" content=\"Im n\u00e4chtlichen Tierpark Bern begeben sich die einen Tiere zur Ruhe, w\u00e4hrend andere erst richtig munter werden.\" \/>\n<meta property=\"og:url\" content=\"https:\/\/tierpark-bern.ch\/en\/news\/die-nacht-ist-schoen\/\" \/>\n<meta property=\"og:site_name\" content=\"Tierpark Bern\" \/>\n<meta property=\"article:publisher\" content=\"https:\/\/www.facebook.com\/tierparkbern\/\" \/>\n<meta property=\"article:published_time\" content=\"2023-08-23T11:56:00+00:00\" \/>\n<meta property=\"article:modified_time\" content=\"2024-02-17T14:19:35+00:00\" \/>\n<meta property=\"og:image\" content=\"https:\/\/tierpark-bern.ch\/web\/app\/uploads\/2023\/08\/die-nacht-ist-schoen-tierpark-bern.jpg\" \/>\n\t<meta property=\"og:image:width\" content=\"1500\" \/>\n\t<meta property=\"og:image:height\" content=\"1000\" \/>\n\t<meta property=\"og:image:type\" content=\"image\/jpeg\" \/>\n<meta name=\"author\" content=\"Admin\" \/>\n<script type=\"application\/ld+json\" class=\"yoast-schema-graph\">{\"@context\":\"https:\/\/schema.org\",\"@graph\":[{\"@type\":\"Article\",\"@id\":\"https:\/\/tierpark-bern.ch\/en\/news\/die-nacht-ist-schoen\/#article\",\"isPartOf\":{\"@id\":\"https:\/\/tierpark-bern.ch\/en\/news\/die-nacht-ist-schoen\/\"},\"author\":{\"name\":\"Admin\",\"@id\":\"https:\/\/tierpark-bern.ch\/en\/#\/schema\/person\/fc8c06f92d4096baa065d0e5a8a5ffd7\"},\"headline\":\"Die Nacht ist sch\u00f6n!\",\"datePublished\":\"2023-08-23T11:56:00+00:00\",\"dateModified\":\"2024-02-17T14:19:35+00:00\",\"mainEntityOfPage\":{\"@id\":\"https:\/\/tierpark-bern.ch\/en\/news\/die-nacht-ist-schoen\/\"},\"wordCount\":177,\"publisher\":{\"@id\":\"https:\/\/tierpark-bern.ch\/en\/#organization\"},\"image\":{\"@id\":\"https:\/\/tierpark-bern.ch\/en\/news\/die-nacht-ist-schoen\/#primaryimage\"},\"thumbnailUrl\":\"https:\/\/tierpark-bern.ch\/web\/app\/uploads\/2023\/08\/die-nacht-ist-schoen-tierpark-bern.jpg\",\"articleSection\":[\"News\"],\"inLanguage\":\"en-US\"},{\"@type\":\"WebPage\",\"@id\":\"https:\/\/tierpark-bern.ch\/en\/news\/die-nacht-ist-schoen\/\",\"url\":\"https:\/\/tierpark-bern.ch\/en\/news\/die-nacht-ist-schoen\/\",\"name\":\"Die Nacht ist sch\u00f6n! | Tierpark Bern\",\"isPartOf\":{\"@id\":\"https:\/\/tierpark-bern.ch\/en\/#website\"},\"primaryImageOfPage\":{\"@id\":\"https:\/\/tierpark-bern.ch\/en\/news\/die-nacht-ist-schoen\/#primaryimage\"},\"image\":{\"@id\":\"https:\/\/tierpark-bern.ch\/en\/news\/die-nacht-ist-schoen\/#primaryimage\"},\"thumbnailUrl\":\"https:\/\/tierpark-bern.ch\/web\/app\/uploads\/2023\/08\/die-nacht-ist-schoen-tierpark-bern.jpg\",\"datePublished\":\"2023-08-23T11:56:00+00:00\",\"dateModified\":\"2024-02-17T14:19:35+00:00\",\"description\":\"Im n\u00e4chtlichen Tierpark Bern begeben sich die einen Tiere zur Ruhe, w\u00e4hrend andere erst richtig munter werden.\",\"breadcrumb\":{\"@id\":\"https:\/\/tierpark-bern.ch\/en\/news\/die-nacht-ist-schoen\/#breadcrumb\"},\"inLanguage\":\"en-US\",\"potentialAction\":[{\"@type\":\"ReadAction\",\"target\":[\"https:\/\/tierpark-bern.ch\/en\/news\/die-nacht-ist-schoen\/\"]}]},{\"@type\":\"ImageObject\",\"inLanguage\":\"en-US\",\"@id\":\"https:\/\/tierpark-bern.ch\/en\/news\/die-nacht-ist-schoen\/#primaryimage\",\"url\":\"https:\/\/tierpark-bern.ch\/web\/app\/uploads\/2023\/08\/die-nacht-ist-schoen-tierpark-bern.jpg\",\"contentUrl\":\"https:\/\/tierpark-bern.ch\/web\/app\/uploads\/2023\/08\/die-nacht-ist-schoen-tierpark-bern.jpg\",\"width\":1500,\"height\":1000,\"caption\":\"Nahaufnahme von einem Kauz\"},{\"@type\":\"BreadcrumbList\",\"@id\":\"https:\/\/tierpark-bern.ch\/en\/news\/die-nacht-ist-schoen\/#breadcrumb\",\"itemListElement\":[{\"@type\":\"ListItem\",\"position\":1,\"name\":\"Home\",\"item\":\"https:\/\/tierpark-bern.ch\/en\/\"},{\"@type\":\"ListItem\",\"position\":2,\"name\":\"Die Nacht ist sch\u00f6n!\"}]},{\"@type\":\"WebSite\",\"@id\":\"https:\/\/tierpark-bern.ch\/en\/#website\",\"url\":\"https:\/\/tierpark-bern.ch\/en\/\",\"name\":\"Tierpark Bern\",\"description\":\"\",\"publisher\":{\"@id\":\"https:\/\/tierpark-bern.ch\/en\/#organization\"},\"potentialAction\":[{\"@type\":\"SearchAction\",\"target\":{\"@type\":\"EntryPoint\",\"urlTemplate\":\"https:\/\/tierpark-bern.ch\/en\/?s={search_term_string}\"},\"query-input\":{\"@type\":\"PropertyValueSpecification\",\"valueRequired\":true,\"valueName\":\"search_term_string\"}}],\"inLanguage\":\"en-US\"},{\"@type\":\"Organization\",\"@id\":\"https:\/\/tierpark-bern.ch\/en\/#organization\",\"name\":\"Tierpark Bern | D\u00e4hlh\u00f6lzli + B\u00e4renPark\",\"alternateName\":\"Tierpark Bern\",\"url\":\"https:\/\/tierpark-bern.ch\/en\/\",\"logo\":{\"@type\":\"ImageObject\",\"inLanguage\":\"en-US\",\"@id\":\"https:\/\/tierpark-bern.ch\/en\/#\/schema\/logo\/image\/\",\"url\":\"https:\/\/tierpark-bern.ch\/web\/app\/uploads\/2024\/04\/tierpark-bern-696x696-1.jpg\",\"contentUrl\":\"https:\/\/tierpark-bern.ch\/web\/app\/uploads\/2024\/04\/tierpark-bern-696x696-1.jpg\",\"width\":696,\"height\":696,\"caption\":\"Tierpark Bern | D\u00e4hlh\u00f6lzli + B\u00e4renPark\"},\"image\":{\"@id\":\"https:\/\/tierpark-bern.ch\/en\/#\/schema\/logo\/image\/\"},\"sameAs\":[\"https:\/\/www.facebook.com\/tierparkbern\/\",\"https:\/\/x.com\/tierparkbern\",\"https:\/\/www.instagram.com\/tierparkbern\/\"]}]}<\/script>","yoast_head_json":{"title":"Die Nacht ist sch\u00f6n! | Tierpark Bern","description":"Im n\u00e4chtlichen Tierpark Bern begeben sich die einen Tiere zur Ruhe, w\u00e4hrend andere erst richtig munter werden.","robots":{"index":"index","follow":"follow","max-snippet":"max-snippet:-1","max-image-preview":"max-image-preview:large","max-video-preview":"max-video-preview:-1"},"canonical":"https:\/\/tierpark-bern.ch\/en\/news\/die-nacht-ist-schoen\/","og_locale":"en_US","og_type":"article","og_title":"Die Nacht ist sch\u00f6n! | Tierpark Bern","og_description":"Im n\u00e4chtlichen Tierpark Bern begeben sich die einen Tiere zur Ruhe, w\u00e4hrend andere erst richtig munter werden.","og_url":"https:\/\/tierpark-bern.ch\/en\/news\/die-nacht-ist-schoen\/","og_site_name":"Tierpark Bern","article_publisher":"https:\/\/www.facebook.com\/tierparkbern\/","article_published_time":"2023-08-23T11:56:00+00:00","article_modified_time":"2024-02-17T14:19:35+00:00","og_image":[{"width":1500,"height":1000,"url":"https:\/\/tierpark-bern.ch\/web\/app\/uploads\/2023\/08\/die-nacht-ist-schoen-tierpark-bern.jpg","type":"image\/jpeg"}],"author":"Admin","schema":{"@context":"https:\/\/schema.org","@graph":[{"@type":"Article","@id":"https:\/\/tierpark-bern.ch\/en\/news\/die-nacht-ist-schoen\/#article","isPartOf":{"@id":"https:\/\/tierpark-bern.ch\/en\/news\/die-nacht-ist-schoen\/"},"author":{"name":"Admin","@id":"https:\/\/tierpark-bern.ch\/en\/#\/schema\/person\/fc8c06f92d4096baa065d0e5a8a5ffd7"},"headline":"Die Nacht ist sch\u00f6n!","datePublished":"2023-08-23T11:56:00+00:00","dateModified":"2024-02-17T14:19:35+00:00","mainEntityOfPage":{"@id":"https:\/\/tierpark-bern.ch\/en\/news\/die-nacht-ist-schoen\/"},"wordCount":177,"publisher":{"@id":"https:\/\/tierpark-bern.ch\/en\/#organization"},"image":{"@id":"https:\/\/tierpark-bern.ch\/en\/news\/die-nacht-ist-schoen\/#primaryimage"},"thumbnailUrl":"https:\/\/tierpark-bern.ch\/web\/app\/uploads\/2023\/08\/die-nacht-ist-schoen-tierpark-bern.jpg","articleSection":["News"],"inLanguage":"en-US"},{"@type":"WebPage","@id":"https:\/\/tierpark-bern.ch\/en\/news\/die-nacht-ist-schoen\/","url":"https:\/\/tierpark-bern.ch\/en\/news\/die-nacht-ist-schoen\/","name":"Die Nacht ist sch\u00f6n! | Tierpark Bern","isPartOf":{"@id":"https:\/\/tierpark-bern.ch\/en\/#website"},"primaryImageOfPage":{"@id":"https:\/\/tierpark-bern.ch\/en\/news\/die-nacht-ist-schoen\/#primaryimage"},"image":{"@id":"https:\/\/tierpark-bern.ch\/en\/news\/die-nacht-ist-schoen\/#primaryimage"},"thumbnailUrl":"https:\/\/tierpark-bern.ch\/web\/app\/uploads\/2023\/08\/die-nacht-ist-schoen-tierpark-bern.jpg","datePublished":"2023-08-23T11:56:00+00:00","dateModified":"2024-02-17T14:19:35+00:00","description":"Im n\u00e4chtlichen Tierpark Bern begeben sich die einen Tiere zur Ruhe, w\u00e4hrend andere erst richtig munter werden.","breadcrumb":{"@id":"https:\/\/tierpark-bern.ch\/en\/news\/die-nacht-ist-schoen\/#breadcrumb"},"inLanguage":"en-US","potentialAction":[{"@type":"ReadAction","target":["https:\/\/tierpark-bern.ch\/en\/news\/die-nacht-ist-schoen\/"]}]},{"@type":"ImageObject","inLanguage":"en-US","@id":"https:\/\/tierpark-bern.ch\/en\/news\/die-nacht-ist-schoen\/#primaryimage","url":"https:\/\/tierpark-bern.ch\/web\/app\/uploads\/2023\/08\/die-nacht-ist-schoen-tierpark-bern.jpg","contentUrl":"https:\/\/tierpark-bern.ch\/web\/app\/uploads\/2023\/08\/die-nacht-ist-schoen-tierpark-bern.jpg","width":1500,"height":1000,"caption":"Nahaufnahme von einem Kauz"},{"@type":"BreadcrumbList","@id":"https:\/\/tierpark-bern.ch\/en\/news\/die-nacht-ist-schoen\/#breadcrumb","itemListElement":[{"@type":"ListItem","position":1,"name":"Home","item":"https:\/\/tierpark-bern.ch\/en\/"},{"@type":"ListItem","position":2,"name":"Die Nacht ist sch\u00f6n!"}]},{"@type":"WebSite","@id":"https:\/\/tierpark-bern.ch\/en\/#website","url":"https:\/\/tierpark-bern.ch\/en\/","name":"Tierpark Bern","description":"","publisher":{"@id":"https:\/\/tierpark-bern.ch\/en\/#organization"},"potentialAction":[{"@type":"SearchAction","target":{"@type":"EntryPoint","urlTemplate":"https:\/\/tierpark-bern.ch\/en\/?s={search_term_string}"},"query-input":{"@type":"PropertyValueSpecification","valueRequired":true,"valueName":"search_term_string"}}],"inLanguage":"en-US"},{"@type":"Organization","@id":"https:\/\/tierpark-bern.ch\/en\/#organization","name":"Tierpark Bern | D\u00e4hlh\u00f6lzli + B\u00e4renPark","alternateName":"Tierpark Bern","url":"https:\/\/tierpark-bern.ch\/en\/","logo":{"@type":"ImageObject","inLanguage":"en-US","@id":"https:\/\/tierpark-bern.ch\/en\/#\/schema\/logo\/image\/","url":"https:\/\/tierpark-bern.ch\/web\/app\/uploads\/2024\/04\/tierpark-bern-696x696-1.jpg","contentUrl":"https:\/\/tierpark-bern.ch\/web\/app\/uploads\/2024\/04\/tierpark-bern-696x696-1.jpg","width":696,"height":696,"caption":"Tierpark Bern | D\u00e4hlh\u00f6lzli + B\u00e4renPark"},"image":{"@id":"https:\/\/tierpark-bern.ch\/en\/#\/schema\/logo\/image\/"},"sameAs":["https:\/\/www.facebook.com\/tierparkbern\/","https:\/\/x.com\/tierparkbern","https:\/\/www.instagram.com\/tierparkbern\/"]}]}},"_links":{"self":[{"href":"https:\/\/tierpark-bern.ch\/en\/wp-json\/wp\/v2\/posts\/60234","targetHints":{"allow":["GET"]}}],"collection":[{"href":"https:\/\/tierpark-bern.ch\/en\/wp-json\/wp\/v2\/posts"}],"about":[{"href":"https:\/\/tierpark-bern.ch\/en\/wp-json\/wp\/v2\/types\/post"}],"author":[{"embeddable":true,"href":"https:\/\/tierpark-bern.ch\/en\/wp-json\/wp\/v2\/users\/1"}],"replies":[{"embeddable":true,"href":"https:\/\/tierpark-bern.ch\/en\/wp-json\/wp\/v2\/comments?post=60234"}],"version-history":[{"count":0,"href":"https:\/\/tierpark-bern.ch\/en\/wp-json\/wp\/v2\/posts\/60234\/revisions"}],"wp:featuredmedia":[{"embeddable":true,"href":"https:\/\/tierpark-bern.ch\/en\/wp-json\/wp\/v2\/media\/60227"}],"wp:attachment":[{"href":"https:\/\/tierpark-bern.ch\/en\/wp-json\/wp\/v2\/media?parent=60234"}],"wp:term":[{"taxonomy":"category","embeddable":true,"href":"https:\/\/tierpark-bern.ch\/en\/wp-json\/wp\/v2\/categories?post=60234"},{"taxonomy":"post_tag","embeddable":true,"href":"https:\/\/tierpark-bern.ch\/en\/wp-json\/wp\/v2\/tags?post=60234"},{"taxonomy":"zoo-type","embeddable":true,"href":"https:\/\/tierpark-bern.ch\/en\/wp-json\/wp\/v2\/zoo-type?post=60234"},{"taxonomy":"animal-list","embeddable":true,"href":"https:\/\/tierpark-bern.ch\/en\/wp-json\/wp\/v2\/animal-list?post=60234"}],"curies":[{"name":"wp","href":"https:\/\/api.w.org\/{rel}","templated":true}]}}