
{"id":70178,"date":"2024-04-02T12:25:07","date_gmt":"2024-04-02T10:25:07","guid":{"rendered":"https:\/\/tierpark-bern.ch\/news\/schweizer-luchsweibchen-reiste-ueber-den-tierpark-bern-nach-sachsen\/"},"modified":"2024-05-01T14:29:03","modified_gmt":"2024-05-01T12:29:03","slug":"schweizer-luchsweibchen-reiste-ueber-den-tierpark-bern-nach-sachsen","status":"publish","type":"post","link":"https:\/\/tierpark-bern.ch\/en\/news\/schweizer-luchsweibchen-reiste-ueber-den-tierpark-bern-nach-sachsen\/","title":{"rendered":"Luchsweibchen reiste \u00fcber den Tierpark Bern nach Sachsen"},"content":{"rendered":"<div class=\"wpb-content-wrapper\"><p>[vc_row][vc_column][vc_column_text]<\/p>\n<h2>Ein Schweizer Luchsweibchen aus dem Jura war f\u00fcr kurze Zeit Gast in unserer Quarant\u00e4nestation, nun wurde sie erfolgreich in Sachsen wieder ausgewildert.<\/h2>\n<p>Wie KORA bekannt gab, wurde am Gr\u00fcndonnerstag 2024 eine zweite Schweizer Luchsin im deutschen Erzgebirge im Rahmen des Projekts \u00abRElynx Sachsen\u00bb freigelassen.<\/p>\n<p>\u00abDie 3-j\u00e4hrige Luchsin B960 stammt aus dem Jura-Gebirge, wo sie am 07.03.2024 vom KORA-Fangteam in Zusammenarbeit mit Tier\u00e4rztinnen des Instituts f\u00fcr Fisch- und Wildtiergesundheit der Universit\u00e4t Bern, FIWI, und der zust\u00e4ndigen Wildhut gefangen wurden. Die Luchsin wurde in der Gemeinde Eptingen, Kanton Baselland, mit einer Schlingenfalle gefangen und gleichentags in die Quarant\u00e4nestation im Tierpark Bern gebracht. Am Gr\u00fcndonnerstag wurde sie in den Osten Deutschlands gefahren, wo sie am Abend erfolgreich freigelassen wurde.<\/p>\n<p>Damit ist sie die zweite Luchsin aus der Schweiz innerhalb weniger Wochen, welche dazu beitr\u00e4gt im Rahmen des <a href=\"https:\/\/www.luchs.sachsen.de\/projekt-relynx-3981.html\" target=\"_blank\" rel=\"noopener\">Projekts \u00abRElynx Sachsen\u00bb<\/a> eine Luchs-Population im Erzgebirge zu etablieren und damit den Luchs in Europa zu erhalten. Die Umsiedlung wird vom Bundesamt f\u00fcr Umwelt, BAFU, unterst\u00fctzt.\u00bb<\/p>\n<p>Hier geht es zur <a href=\"https:\/\/www.kora.ch\/de\/aktuell\/zweiter-schweizer-luchs-erfolgreich-umgesiedelt--678\">Medienmitteilung von KORA<\/a><\/p>\n<p>Ein herzliches Dankesch\u00f6n an die Stotzer-K\u00e4stli Stiftung f\u00fcr die Unterst\u00fctzung zur Einrichtung der Quarant\u00e4ne f\u00fcr die Luchse.[\/vc_column_text][\/vc_column][\/vc_row][vc_row][vc_column][vc_single_image image=&#8221;70173&#8243; green_bar=&#8221;yes&#8221;][\/vc_column][\/vc_row][vc_row][vc_column][vc_column_text]<a class=\"button button--tierpark\" href=\"https:\/\/www.kora.ch\/de\/aktuell\/zweiter-schweizer-luchs-erfolgreich-umgesiedelt--678\" target=\"_blank\" rel=\"noopener\">Zur Website der Stiftung KORA<\/a>[\/vc_column_text][\/vc_column][\/vc_row]<\/p>\n<\/div>","protected":false},"excerpt":{"rendered":"<p>Ein herzliches Dankesch\u00f6n an die Stotzer-K\u00e4stli Stiftung f\u00fcr die Unterst\u00fctzung zur Einrichtung der Quarant\u00e4ne f\u00fcr die Luchse.<\/p>\n","protected":false},"author":1,"featured_media":70170,"comment_status":"closed","ping_status":"closed","sticky":false,"template":"","format":"standard","meta":{"_acf_changed":false,"footnotes":""},"categories":[305],"tags":[],"zoo-type":[383],"animal-list":[745],"class_list":["post-70178","post","type-post","status-publish","format-standard","has-post-thumbnail","hentry","category-allgemein","zoo-type-daehlhoelzli","animal-list-karpaten-luchs-en"],"acf":[],"yoast_head":"<title>Luchsweibchen reiste \u00fcber den Tierpark Bern nach Sachsen | Tierpark Bern<\/title>\n<meta name=\"robots\" content=\"index, follow, max-snippet:-1, max-image-preview:large, max-video-preview:-1\" \/>\n<link rel=\"canonical\" href=\"https:\/\/tierpark-bern.ch\/en\/news\/schweizer-luchsweibchen-reiste-ueber-den-tierpark-bern-nach-sachsen\/\" \/>\n<meta property=\"og:locale\" content=\"en_US\" \/>\n<meta property=\"og:type\" content=\"article\" \/>\n<meta property=\"og:title\" content=\"Luchsweibchen reiste \u00fcber den Tierpark Bern nach Sachsen | Tierpark Bern\" \/>\n<meta property=\"og:description\" content=\"Ein herzliches Dankesch\u00f6n an die Stotzer-K\u00e4stli Stiftung f\u00fcr die Unterst\u00fctzung zur Einrichtung der Quarant\u00e4ne f\u00fcr die Luchse.\" \/>\n<meta property=\"og:url\" content=\"https:\/\/tierpark-bern.ch\/en\/news\/schweizer-luchsweibchen-reiste-ueber-den-tierpark-bern-nach-sachsen\/\" \/>\n<meta property=\"og:site_name\" content=\"Tierpark Bern\" \/>\n<meta property=\"article:publisher\" content=\"https:\/\/www.facebook.com\/tierparkbern\/\" \/>\n<meta property=\"article:published_time\" content=\"2024-04-02T10:25:07+00:00\" \/>\n<meta property=\"article:modified_time\" content=\"2024-05-01T12:29:03+00:00\" \/>\n<meta property=\"og:image\" content=\"https:\/\/tierpark-bern.ch\/web\/app\/uploads\/2024\/04\/Luchsin_in_Quarantaene_Maerz_2024-6001.jpg\" \/>\n\t<meta property=\"og:image:width\" content=\"1600\" \/>\n\t<meta property=\"og:image:height\" content=\"1068\" \/>\n\t<meta property=\"og:image:type\" content=\"image\/jpeg\" \/>\n<meta name=\"author\" content=\"Admin\" \/>\n<script type=\"application\/ld+json\" class=\"yoast-schema-graph\">{\"@context\":\"https:\/\/schema.org\",\"@graph\":[{\"@type\":\"Article\",\"@id\":\"https:\/\/tierpark-bern.ch\/en\/news\/schweizer-luchsweibchen-reiste-ueber-den-tierpark-bern-nach-sachsen\/#article\",\"isPartOf\":{\"@id\":\"https:\/\/tierpark-bern.ch\/en\/news\/schweizer-luchsweibchen-reiste-ueber-den-tierpark-bern-nach-sachsen\/\"},\"author\":{\"name\":\"Admin\",\"@id\":\"https:\/\/tierpark-bern.ch\/en\/#\/schema\/person\/fc8c06f92d4096baa065d0e5a8a5ffd7\"},\"headline\":\"Luchsweibchen reiste \u00fcber den Tierpark Bern nach Sachsen\",\"datePublished\":\"2024-04-02T10:25:07+00:00\",\"dateModified\":\"2024-05-01T12:29:03+00:00\",\"mainEntityOfPage\":{\"@id\":\"https:\/\/tierpark-bern.ch\/en\/news\/schweizer-luchsweibchen-reiste-ueber-den-tierpark-bern-nach-sachsen\/\"},\"wordCount\":257,\"publisher\":{\"@id\":\"https:\/\/tierpark-bern.ch\/en\/#organization\"},\"image\":{\"@id\":\"https:\/\/tierpark-bern.ch\/en\/news\/schweizer-luchsweibchen-reiste-ueber-den-tierpark-bern-nach-sachsen\/#primaryimage\"},\"thumbnailUrl\":\"https:\/\/tierpark-bern.ch\/web\/app\/uploads\/2024\/04\/Luchsin_in_Quarantaene_Maerz_2024-6001.jpg\",\"articleSection\":[\"News\"],\"inLanguage\":\"en-US\"},{\"@type\":\"WebPage\",\"@id\":\"https:\/\/tierpark-bern.ch\/en\/news\/schweizer-luchsweibchen-reiste-ueber-den-tierpark-bern-nach-sachsen\/\",\"url\":\"https:\/\/tierpark-bern.ch\/en\/news\/schweizer-luchsweibchen-reiste-ueber-den-tierpark-bern-nach-sachsen\/\",\"name\":\"Luchsweibchen reiste \u00fcber den Tierpark Bern nach Sachsen | Tierpark Bern\",\"isPartOf\":{\"@id\":\"https:\/\/tierpark-bern.ch\/en\/#website\"},\"primaryImageOfPage\":{\"@id\":\"https:\/\/tierpark-bern.ch\/en\/news\/schweizer-luchsweibchen-reiste-ueber-den-tierpark-bern-nach-sachsen\/#primaryimage\"},\"image\":{\"@id\":\"https:\/\/tierpark-bern.ch\/en\/news\/schweizer-luchsweibchen-reiste-ueber-den-tierpark-bern-nach-sachsen\/#primaryimage\"},\"thumbnailUrl\":\"https:\/\/tierpark-bern.ch\/web\/app\/uploads\/2024\/04\/Luchsin_in_Quarantaene_Maerz_2024-6001.jpg\",\"datePublished\":\"2024-04-02T10:25:07+00:00\",\"dateModified\":\"2024-05-01T12:29:03+00:00\",\"breadcrumb\":{\"@id\":\"https:\/\/tierpark-bern.ch\/en\/news\/schweizer-luchsweibchen-reiste-ueber-den-tierpark-bern-nach-sachsen\/#breadcrumb\"},\"inLanguage\":\"en-US\",\"potentialAction\":[{\"@type\":\"ReadAction\",\"target\":[\"https:\/\/tierpark-bern.ch\/en\/news\/schweizer-luchsweibchen-reiste-ueber-den-tierpark-bern-nach-sachsen\/\"]}]},{\"@type\":\"ImageObject\",\"inLanguage\":\"en-US\",\"@id\":\"https:\/\/tierpark-bern.ch\/en\/news\/schweizer-luchsweibchen-reiste-ueber-den-tierpark-bern-nach-sachsen\/#primaryimage\",\"url\":\"https:\/\/tierpark-bern.ch\/web\/app\/uploads\/2024\/04\/Luchsin_in_Quarantaene_Maerz_2024-6001.jpg\",\"contentUrl\":\"https:\/\/tierpark-bern.ch\/web\/app\/uploads\/2024\/04\/Luchsin_in_Quarantaene_Maerz_2024-6001.jpg\",\"width\":1600,\"height\":1068,\"caption\":\"Nahaufnahme von einem Luchs\"},{\"@type\":\"BreadcrumbList\",\"@id\":\"https:\/\/tierpark-bern.ch\/en\/news\/schweizer-luchsweibchen-reiste-ueber-den-tierpark-bern-nach-sachsen\/#breadcrumb\",\"itemListElement\":[{\"@type\":\"ListItem\",\"position\":1,\"name\":\"Home\",\"item\":\"https:\/\/tierpark-bern.ch\/en\/\"},{\"@type\":\"ListItem\",\"position\":2,\"name\":\"Luchsweibchen reiste \u00fcber den Tierpark Bern nach Sachsen\"}]},{\"@type\":\"WebSite\",\"@id\":\"https:\/\/tierpark-bern.ch\/en\/#website\",\"url\":\"https:\/\/tierpark-bern.ch\/en\/\",\"name\":\"Tierpark Bern\",\"description\":\"\",\"publisher\":{\"@id\":\"https:\/\/tierpark-bern.ch\/en\/#organization\"},\"potentialAction\":[{\"@type\":\"SearchAction\",\"target\":{\"@type\":\"EntryPoint\",\"urlTemplate\":\"https:\/\/tierpark-bern.ch\/en\/?s={search_term_string}\"},\"query-input\":{\"@type\":\"PropertyValueSpecification\",\"valueRequired\":true,\"valueName\":\"search_term_string\"}}],\"inLanguage\":\"en-US\"},{\"@type\":\"Organization\",\"@id\":\"https:\/\/tierpark-bern.ch\/en\/#organization\",\"name\":\"Tierpark Bern | D\u00e4hlh\u00f6lzli + B\u00e4renPark\",\"alternateName\":\"Tierpark Bern\",\"url\":\"https:\/\/tierpark-bern.ch\/en\/\",\"logo\":{\"@type\":\"ImageObject\",\"inLanguage\":\"en-US\",\"@id\":\"https:\/\/tierpark-bern.ch\/en\/#\/schema\/logo\/image\/\",\"url\":\"https:\/\/tierpark-bern.ch\/web\/app\/uploads\/2024\/04\/tierpark-bern-696x696-1.jpg\",\"contentUrl\":\"https:\/\/tierpark-bern.ch\/web\/app\/uploads\/2024\/04\/tierpark-bern-696x696-1.jpg\",\"width\":696,\"height\":696,\"caption\":\"Tierpark Bern | D\u00e4hlh\u00f6lzli + B\u00e4renPark\"},\"image\":{\"@id\":\"https:\/\/tierpark-bern.ch\/en\/#\/schema\/logo\/image\/\"},\"sameAs\":[\"https:\/\/www.facebook.com\/tierparkbern\/\",\"https:\/\/x.com\/tierparkbern\",\"https:\/\/www.instagram.com\/tierparkbern\/\"]}]}<\/script>","yoast_head_json":{"title":"Luchsweibchen reiste \u00fcber den Tierpark Bern nach Sachsen | Tierpark Bern","robots":{"index":"index","follow":"follow","max-snippet":"max-snippet:-1","max-image-preview":"max-image-preview:large","max-video-preview":"max-video-preview:-1"},"canonical":"https:\/\/tierpark-bern.ch\/en\/news\/schweizer-luchsweibchen-reiste-ueber-den-tierpark-bern-nach-sachsen\/","og_locale":"en_US","og_type":"article","og_title":"Luchsweibchen reiste \u00fcber den Tierpark Bern nach Sachsen | Tierpark Bern","og_description":"Ein herzliches Dankesch\u00f6n an die Stotzer-K\u00e4stli Stiftung f\u00fcr die Unterst\u00fctzung zur Einrichtung der Quarant\u00e4ne f\u00fcr die Luchse.","og_url":"https:\/\/tierpark-bern.ch\/en\/news\/schweizer-luchsweibchen-reiste-ueber-den-tierpark-bern-nach-sachsen\/","og_site_name":"Tierpark Bern","article_publisher":"https:\/\/www.facebook.com\/tierparkbern\/","article_published_time":"2024-04-02T10:25:07+00:00","article_modified_time":"2024-05-01T12:29:03+00:00","og_image":[{"width":1600,"height":1068,"url":"https:\/\/tierpark-bern.ch\/web\/app\/uploads\/2024\/04\/Luchsin_in_Quarantaene_Maerz_2024-6001.jpg","type":"image\/jpeg"}],"author":"Admin","schema":{"@context":"https:\/\/schema.org","@graph":[{"@type":"Article","@id":"https:\/\/tierpark-bern.ch\/en\/news\/schweizer-luchsweibchen-reiste-ueber-den-tierpark-bern-nach-sachsen\/#article","isPartOf":{"@id":"https:\/\/tierpark-bern.ch\/en\/news\/schweizer-luchsweibchen-reiste-ueber-den-tierpark-bern-nach-sachsen\/"},"author":{"name":"Admin","@id":"https:\/\/tierpark-bern.ch\/en\/#\/schema\/person\/fc8c06f92d4096baa065d0e5a8a5ffd7"},"headline":"Luchsweibchen reiste \u00fcber den Tierpark Bern nach Sachsen","datePublished":"2024-04-02T10:25:07+00:00","dateModified":"2024-05-01T12:29:03+00:00","mainEntityOfPage":{"@id":"https:\/\/tierpark-bern.ch\/en\/news\/schweizer-luchsweibchen-reiste-ueber-den-tierpark-bern-nach-sachsen\/"},"wordCount":257,"publisher":{"@id":"https:\/\/tierpark-bern.ch\/en\/#organization"},"image":{"@id":"https:\/\/tierpark-bern.ch\/en\/news\/schweizer-luchsweibchen-reiste-ueber-den-tierpark-bern-nach-sachsen\/#primaryimage"},"thumbnailUrl":"https:\/\/tierpark-bern.ch\/web\/app\/uploads\/2024\/04\/Luchsin_in_Quarantaene_Maerz_2024-6001.jpg","articleSection":["News"],"inLanguage":"en-US"},{"@type":"WebPage","@id":"https:\/\/tierpark-bern.ch\/en\/news\/schweizer-luchsweibchen-reiste-ueber-den-tierpark-bern-nach-sachsen\/","url":"https:\/\/tierpark-bern.ch\/en\/news\/schweizer-luchsweibchen-reiste-ueber-den-tierpark-bern-nach-sachsen\/","name":"Luchsweibchen reiste \u00fcber den Tierpark Bern nach Sachsen | Tierpark Bern","isPartOf":{"@id":"https:\/\/tierpark-bern.ch\/en\/#website"},"primaryImageOfPage":{"@id":"https:\/\/tierpark-bern.ch\/en\/news\/schweizer-luchsweibchen-reiste-ueber-den-tierpark-bern-nach-sachsen\/#primaryimage"},"image":{"@id":"https:\/\/tierpark-bern.ch\/en\/news\/schweizer-luchsweibchen-reiste-ueber-den-tierpark-bern-nach-sachsen\/#primaryimage"},"thumbnailUrl":"https:\/\/tierpark-bern.ch\/web\/app\/uploads\/2024\/04\/Luchsin_in_Quarantaene_Maerz_2024-6001.jpg","datePublished":"2024-04-02T10:25:07+00:00","dateModified":"2024-05-01T12:29:03+00:00","breadcrumb":{"@id":"https:\/\/tierpark-bern.ch\/en\/news\/schweizer-luchsweibchen-reiste-ueber-den-tierpark-bern-nach-sachsen\/#breadcrumb"},"inLanguage":"en-US","potentialAction":[{"@type":"ReadAction","target":["https:\/\/tierpark-bern.ch\/en\/news\/schweizer-luchsweibchen-reiste-ueber-den-tierpark-bern-nach-sachsen\/"]}]},{"@type":"ImageObject","inLanguage":"en-US","@id":"https:\/\/tierpark-bern.ch\/en\/news\/schweizer-luchsweibchen-reiste-ueber-den-tierpark-bern-nach-sachsen\/#primaryimage","url":"https:\/\/tierpark-bern.ch\/web\/app\/uploads\/2024\/04\/Luchsin_in_Quarantaene_Maerz_2024-6001.jpg","contentUrl":"https:\/\/tierpark-bern.ch\/web\/app\/uploads\/2024\/04\/Luchsin_in_Quarantaene_Maerz_2024-6001.jpg","width":1600,"height":1068,"caption":"Nahaufnahme von einem Luchs"},{"@type":"BreadcrumbList","@id":"https:\/\/tierpark-bern.ch\/en\/news\/schweizer-luchsweibchen-reiste-ueber-den-tierpark-bern-nach-sachsen\/#breadcrumb","itemListElement":[{"@type":"ListItem","position":1,"name":"Home","item":"https:\/\/tierpark-bern.ch\/en\/"},{"@type":"ListItem","position":2,"name":"Luchsweibchen reiste \u00fcber den Tierpark Bern nach Sachsen"}]},{"@type":"WebSite","@id":"https:\/\/tierpark-bern.ch\/en\/#website","url":"https:\/\/tierpark-bern.ch\/en\/","name":"Tierpark Bern","description":"","publisher":{"@id":"https:\/\/tierpark-bern.ch\/en\/#organization"},"potentialAction":[{"@type":"SearchAction","target":{"@type":"EntryPoint","urlTemplate":"https:\/\/tierpark-bern.ch\/en\/?s={search_term_string}"},"query-input":{"@type":"PropertyValueSpecification","valueRequired":true,"valueName":"search_term_string"}}],"inLanguage":"en-US"},{"@type":"Organization","@id":"https:\/\/tierpark-bern.ch\/en\/#organization","name":"Tierpark Bern | D\u00e4hlh\u00f6lzli + B\u00e4renPark","alternateName":"Tierpark Bern","url":"https:\/\/tierpark-bern.ch\/en\/","logo":{"@type":"ImageObject","inLanguage":"en-US","@id":"https:\/\/tierpark-bern.ch\/en\/#\/schema\/logo\/image\/","url":"https:\/\/tierpark-bern.ch\/web\/app\/uploads\/2024\/04\/tierpark-bern-696x696-1.jpg","contentUrl":"https:\/\/tierpark-bern.ch\/web\/app\/uploads\/2024\/04\/tierpark-bern-696x696-1.jpg","width":696,"height":696,"caption":"Tierpark Bern | D\u00e4hlh\u00f6lzli + B\u00e4renPark"},"image":{"@id":"https:\/\/tierpark-bern.ch\/en\/#\/schema\/logo\/image\/"},"sameAs":["https:\/\/www.facebook.com\/tierparkbern\/","https:\/\/x.com\/tierparkbern","https:\/\/www.instagram.com\/tierparkbern\/"]}]}},"_links":{"self":[{"href":"https:\/\/tierpark-bern.ch\/en\/wp-json\/wp\/v2\/posts\/70178","targetHints":{"allow":["GET"]}}],"collection":[{"href":"https:\/\/tierpark-bern.ch\/en\/wp-json\/wp\/v2\/posts"}],"about":[{"href":"https:\/\/tierpark-bern.ch\/en\/wp-json\/wp\/v2\/types\/post"}],"author":[{"embeddable":true,"href":"https:\/\/tierpark-bern.ch\/en\/wp-json\/wp\/v2\/users\/1"}],"replies":[{"embeddable":true,"href":"https:\/\/tierpark-bern.ch\/en\/wp-json\/wp\/v2\/comments?post=70178"}],"version-history":[{"count":0,"href":"https:\/\/tierpark-bern.ch\/en\/wp-json\/wp\/v2\/posts\/70178\/revisions"}],"wp:featuredmedia":[{"embeddable":true,"href":"https:\/\/tierpark-bern.ch\/en\/wp-json\/wp\/v2\/media\/70170"}],"wp:attachment":[{"href":"https:\/\/tierpark-bern.ch\/en\/wp-json\/wp\/v2\/media?parent=70178"}],"wp:term":[{"taxonomy":"category","embeddable":true,"href":"https:\/\/tierpark-bern.ch\/en\/wp-json\/wp\/v2\/categories?post=70178"},{"taxonomy":"post_tag","embeddable":true,"href":"https:\/\/tierpark-bern.ch\/en\/wp-json\/wp\/v2\/tags?post=70178"},{"taxonomy":"zoo-type","embeddable":true,"href":"https:\/\/tierpark-bern.ch\/en\/wp-json\/wp\/v2\/zoo-type?post=70178"},{"taxonomy":"animal-list","embeddable":true,"href":"https:\/\/tierpark-bern.ch\/en\/wp-json\/wp\/v2\/animal-list?post=70178"}],"curies":[{"name":"wp","href":"https:\/\/api.w.org\/{rel}","templated":true}]}}