
{"id":73561,"date":"2024-06-05T12:48:34","date_gmt":"2024-06-05T10:48:34","guid":{"rendered":"https:\/\/tierpark-bern.ch\/news\/wolfswelpen-im-tierpark\/"},"modified":"2024-06-05T12:52:30","modified_gmt":"2024-06-05T10:52:30","slug":"wolfswelpen-im-tierpark","status":"publish","type":"post","link":"https:\/\/tierpark-bern.ch\/en\/news\/wolfswelpen-im-tierpark\/","title":{"rendered":"Wolfswelpen im Tierpark"},"content":{"rendered":"<div class=\"wpb-content-wrapper\"><p>[vc_row][vc_column][vc_column_text css=&#8221;&#8221;]<\/p>\n<h2>Die W\u00f6lfin im Tierpark Bern hat am 26. April 2024 zwei Jungtiere geboren<\/h2>\n<p>W\u00f6lfe sind soziale Tiere und leben in Familienverb\u00e4nden, in sogenannten Rudeln. In einem Wolfsrudel haben nur der Leitwolf und die Leitw\u00f6lfin Nachwuchs. Nach einer Tragzeit von circa 63 Tagen bringt die W\u00f6lfin 2 bis 9 blinde Jungen zur Welt. Nach ungef\u00e4hr zwei Wochen k\u00f6nnen die Welpen sehen und auch die ersten Z\u00e4hne stossen dann durch.<\/p>\n<p>Ihre ersten Wochen haben die Jungtiere im Tierpark Bern gesch\u00fctzt in einer der bereitgestellten H\u00f6hlen verbracht. Mit sechs bis zw\u00f6lf Wochen erkunden die breittatzigen Jungw\u00f6lfe allm\u00e4hlich ihre n\u00e4here Umgebung.<\/p>\n<p>F\u00fcr den Europ\u00e4ischen Wolf f\u00fchrt die European Association of Zoos and Aquaria (EAZA) ein Zuchtbuch (EEP), an welchem sich 53 zoologische Institutionen beteiligen. Die Nachzucht der W\u00f6lfe im Tierpark Bern erfolgt entsprechend den Zuchtempfehlungen des Zuchtbuchf\u00fchrers.<\/p>\n<p>Im Tierpark Bern leben W\u00f6lfe und B\u00e4ren in einer spannenden Gemeinschaftshaltung. W\u00e4hrend der Jungaufzucht sind die W\u00f6lfe aber abgetrennt. Dies zum Schutz der beiden B\u00e4ren, da das Wolfspaar sehr dominant gegen\u00fcber ihnen auftreten kann.[\/vc_column_text][\/vc_column][\/vc_row]<\/p>\n<\/div>","protected":false},"excerpt":{"rendered":"<p>Die W\u00f6lfin im Tierpark Bern hat am 26. April 2024 zwei Jungtiere geboren<\/p>\n","protected":false},"author":1,"featured_media":73511,"comment_status":"closed","ping_status":"closed","sticky":false,"template":"","format":"standard","meta":{"_acf_changed":false,"footnotes":""},"categories":[333],"tags":[317],"zoo-type":[383],"animal-list":[728],"class_list":["post-73561","post","type-post","status-publish","format-standard","has-post-thumbnail","hentry","category-jungtiere-en","tag-europaeischer-wolf-en","zoo-type-daehlhoelzli","animal-list-europaeischer-wolf-en"],"acf":[],"yoast_head":"<title>Wolfswelpen im Tierpark | Tierpark Bern<\/title>\n<meta name=\"description\" content=\"Die W\u00f6lfin im Tierpark Bern hat am 26. April 2024 zwei Jungtiere geboren\" \/>\n<meta name=\"robots\" content=\"index, follow, max-snippet:-1, max-image-preview:large, max-video-preview:-1\" \/>\n<link rel=\"canonical\" href=\"https:\/\/tierpark-bern.ch\/en\/news\/wolfswelpen-im-tierpark\/\" \/>\n<meta property=\"og:locale\" content=\"en_US\" \/>\n<meta property=\"og:type\" content=\"article\" \/>\n<meta property=\"og:title\" content=\"Wolfswelpen im Tierpark | Tierpark Bern\" \/>\n<meta property=\"og:description\" content=\"Die W\u00f6lfin im Tierpark Bern hat am 26. April 2024 zwei Jungtiere geboren\" \/>\n<meta property=\"og:url\" content=\"https:\/\/tierpark-bern.ch\/en\/news\/wolfswelpen-im-tierpark\/\" \/>\n<meta property=\"og:site_name\" content=\"Tierpark Bern\" \/>\n<meta property=\"article:publisher\" content=\"https:\/\/www.facebook.com\/tierparkbern\/\" \/>\n<meta property=\"article:published_time\" content=\"2024-06-05T10:48:34+00:00\" \/>\n<meta property=\"article:modified_time\" content=\"2024-06-05T10:52:30+00:00\" \/>\n<meta property=\"og:image\" content=\"https:\/\/tierpark-bern.ch\/web\/app\/uploads\/2024\/06\/Wolfswelpe_2024_Foto_Tierpark_Bern_P1090026-min.jpg\" \/>\n\t<meta property=\"og:image:width\" content=\"1500\" \/>\n\t<meta property=\"og:image:height\" content=\"845\" \/>\n\t<meta property=\"og:image:type\" content=\"image\/jpeg\" \/>\n<meta name=\"author\" content=\"Admin\" \/>\n<script type=\"application\/ld+json\" class=\"yoast-schema-graph\">{\"@context\":\"https:\/\/schema.org\",\"@graph\":[{\"@type\":\"Article\",\"@id\":\"https:\/\/tierpark-bern.ch\/en\/news\/wolfswelpen-im-tierpark\/#article\",\"isPartOf\":{\"@id\":\"https:\/\/tierpark-bern.ch\/en\/news\/wolfswelpen-im-tierpark\/\"},\"author\":{\"name\":\"Admin\",\"@id\":\"https:\/\/tierpark-bern.ch\/en\/#\/schema\/person\/fc8c06f92d4096baa065d0e5a8a5ffd7\"},\"headline\":\"Wolfswelpen im Tierpark\",\"datePublished\":\"2024-06-05T10:48:34+00:00\",\"dateModified\":\"2024-06-05T10:52:30+00:00\",\"mainEntityOfPage\":{\"@id\":\"https:\/\/tierpark-bern.ch\/en\/news\/wolfswelpen-im-tierpark\/\"},\"wordCount\":204,\"publisher\":{\"@id\":\"https:\/\/tierpark-bern.ch\/en\/#organization\"},\"image\":{\"@id\":\"https:\/\/tierpark-bern.ch\/en\/news\/wolfswelpen-im-tierpark\/#primaryimage\"},\"thumbnailUrl\":\"https:\/\/tierpark-bern.ch\/web\/app\/uploads\/2024\/06\/Wolfswelpe_2024_Foto_Tierpark_Bern_P1090026-min.jpg\",\"keywords\":[\"European wolf\"],\"articleSection\":[\"Young animals\"],\"inLanguage\":\"en-US\"},{\"@type\":\"WebPage\",\"@id\":\"https:\/\/tierpark-bern.ch\/en\/news\/wolfswelpen-im-tierpark\/\",\"url\":\"https:\/\/tierpark-bern.ch\/en\/news\/wolfswelpen-im-tierpark\/\",\"name\":\"Wolfswelpen im Tierpark | Tierpark Bern\",\"isPartOf\":{\"@id\":\"https:\/\/tierpark-bern.ch\/en\/#website\"},\"primaryImageOfPage\":{\"@id\":\"https:\/\/tierpark-bern.ch\/en\/news\/wolfswelpen-im-tierpark\/#primaryimage\"},\"image\":{\"@id\":\"https:\/\/tierpark-bern.ch\/en\/news\/wolfswelpen-im-tierpark\/#primaryimage\"},\"thumbnailUrl\":\"https:\/\/tierpark-bern.ch\/web\/app\/uploads\/2024\/06\/Wolfswelpe_2024_Foto_Tierpark_Bern_P1090026-min.jpg\",\"datePublished\":\"2024-06-05T10:48:34+00:00\",\"dateModified\":\"2024-06-05T10:52:30+00:00\",\"description\":\"Die W\u00f6lfin im Tierpark Bern hat am 26. April 2024 zwei Jungtiere geboren\",\"breadcrumb\":{\"@id\":\"https:\/\/tierpark-bern.ch\/en\/news\/wolfswelpen-im-tierpark\/#breadcrumb\"},\"inLanguage\":\"en-US\",\"potentialAction\":[{\"@type\":\"ReadAction\",\"target\":[\"https:\/\/tierpark-bern.ch\/en\/news\/wolfswelpen-im-tierpark\/\"]}]},{\"@type\":\"ImageObject\",\"inLanguage\":\"en-US\",\"@id\":\"https:\/\/tierpark-bern.ch\/en\/news\/wolfswelpen-im-tierpark\/#primaryimage\",\"url\":\"https:\/\/tierpark-bern.ch\/web\/app\/uploads\/2024\/06\/Wolfswelpe_2024_Foto_Tierpark_Bern_P1090026-min.jpg\",\"contentUrl\":\"https:\/\/tierpark-bern.ch\/web\/app\/uploads\/2024\/06\/Wolfswelpe_2024_Foto_Tierpark_Bern_P1090026-min.jpg\",\"width\":1500,\"height\":845,\"caption\":\"Ein Wolfswelpe liegt im Gras und schaut neugierig in die Kamera.\"},{\"@type\":\"BreadcrumbList\",\"@id\":\"https:\/\/tierpark-bern.ch\/en\/news\/wolfswelpen-im-tierpark\/#breadcrumb\",\"itemListElement\":[{\"@type\":\"ListItem\",\"position\":1,\"name\":\"Home\",\"item\":\"https:\/\/tierpark-bern.ch\/en\/\"},{\"@type\":\"ListItem\",\"position\":2,\"name\":\"Wolfswelpen im Tierpark\"}]},{\"@type\":\"WebSite\",\"@id\":\"https:\/\/tierpark-bern.ch\/en\/#website\",\"url\":\"https:\/\/tierpark-bern.ch\/en\/\",\"name\":\"Tierpark Bern\",\"description\":\"\",\"publisher\":{\"@id\":\"https:\/\/tierpark-bern.ch\/en\/#organization\"},\"potentialAction\":[{\"@type\":\"SearchAction\",\"target\":{\"@type\":\"EntryPoint\",\"urlTemplate\":\"https:\/\/tierpark-bern.ch\/en\/?s={search_term_string}\"},\"query-input\":{\"@type\":\"PropertyValueSpecification\",\"valueRequired\":true,\"valueName\":\"search_term_string\"}}],\"inLanguage\":\"en-US\"},{\"@type\":\"Organization\",\"@id\":\"https:\/\/tierpark-bern.ch\/en\/#organization\",\"name\":\"Tierpark Bern | D\u00e4hlh\u00f6lzli + B\u00e4renPark\",\"alternateName\":\"Tierpark Bern\",\"url\":\"https:\/\/tierpark-bern.ch\/en\/\",\"logo\":{\"@type\":\"ImageObject\",\"inLanguage\":\"en-US\",\"@id\":\"https:\/\/tierpark-bern.ch\/en\/#\/schema\/logo\/image\/\",\"url\":\"https:\/\/tierpark-bern.ch\/web\/app\/uploads\/2024\/04\/tierpark-bern-696x696-1.jpg\",\"contentUrl\":\"https:\/\/tierpark-bern.ch\/web\/app\/uploads\/2024\/04\/tierpark-bern-696x696-1.jpg\",\"width\":696,\"height\":696,\"caption\":\"Tierpark Bern | D\u00e4hlh\u00f6lzli + B\u00e4renPark\"},\"image\":{\"@id\":\"https:\/\/tierpark-bern.ch\/en\/#\/schema\/logo\/image\/\"},\"sameAs\":[\"https:\/\/www.facebook.com\/tierparkbern\/\",\"https:\/\/x.com\/tierparkbern\",\"https:\/\/www.instagram.com\/tierparkbern\/\"]}]}<\/script>","yoast_head_json":{"title":"Wolfswelpen im Tierpark | Tierpark Bern","description":"Die W\u00f6lfin im Tierpark Bern hat am 26. April 2024 zwei Jungtiere geboren","robots":{"index":"index","follow":"follow","max-snippet":"max-snippet:-1","max-image-preview":"max-image-preview:large","max-video-preview":"max-video-preview:-1"},"canonical":"https:\/\/tierpark-bern.ch\/en\/news\/wolfswelpen-im-tierpark\/","og_locale":"en_US","og_type":"article","og_title":"Wolfswelpen im Tierpark | Tierpark Bern","og_description":"Die W\u00f6lfin im Tierpark Bern hat am 26. April 2024 zwei Jungtiere geboren","og_url":"https:\/\/tierpark-bern.ch\/en\/news\/wolfswelpen-im-tierpark\/","og_site_name":"Tierpark Bern","article_publisher":"https:\/\/www.facebook.com\/tierparkbern\/","article_published_time":"2024-06-05T10:48:34+00:00","article_modified_time":"2024-06-05T10:52:30+00:00","og_image":[{"width":1500,"height":845,"url":"https:\/\/tierpark-bern.ch\/web\/app\/uploads\/2024\/06\/Wolfswelpe_2024_Foto_Tierpark_Bern_P1090026-min.jpg","type":"image\/jpeg"}],"author":"Admin","schema":{"@context":"https:\/\/schema.org","@graph":[{"@type":"Article","@id":"https:\/\/tierpark-bern.ch\/en\/news\/wolfswelpen-im-tierpark\/#article","isPartOf":{"@id":"https:\/\/tierpark-bern.ch\/en\/news\/wolfswelpen-im-tierpark\/"},"author":{"name":"Admin","@id":"https:\/\/tierpark-bern.ch\/en\/#\/schema\/person\/fc8c06f92d4096baa065d0e5a8a5ffd7"},"headline":"Wolfswelpen im Tierpark","datePublished":"2024-06-05T10:48:34+00:00","dateModified":"2024-06-05T10:52:30+00:00","mainEntityOfPage":{"@id":"https:\/\/tierpark-bern.ch\/en\/news\/wolfswelpen-im-tierpark\/"},"wordCount":204,"publisher":{"@id":"https:\/\/tierpark-bern.ch\/en\/#organization"},"image":{"@id":"https:\/\/tierpark-bern.ch\/en\/news\/wolfswelpen-im-tierpark\/#primaryimage"},"thumbnailUrl":"https:\/\/tierpark-bern.ch\/web\/app\/uploads\/2024\/06\/Wolfswelpe_2024_Foto_Tierpark_Bern_P1090026-min.jpg","keywords":["European wolf"],"articleSection":["Young animals"],"inLanguage":"en-US"},{"@type":"WebPage","@id":"https:\/\/tierpark-bern.ch\/en\/news\/wolfswelpen-im-tierpark\/","url":"https:\/\/tierpark-bern.ch\/en\/news\/wolfswelpen-im-tierpark\/","name":"Wolfswelpen im Tierpark | Tierpark Bern","isPartOf":{"@id":"https:\/\/tierpark-bern.ch\/en\/#website"},"primaryImageOfPage":{"@id":"https:\/\/tierpark-bern.ch\/en\/news\/wolfswelpen-im-tierpark\/#primaryimage"},"image":{"@id":"https:\/\/tierpark-bern.ch\/en\/news\/wolfswelpen-im-tierpark\/#primaryimage"},"thumbnailUrl":"https:\/\/tierpark-bern.ch\/web\/app\/uploads\/2024\/06\/Wolfswelpe_2024_Foto_Tierpark_Bern_P1090026-min.jpg","datePublished":"2024-06-05T10:48:34+00:00","dateModified":"2024-06-05T10:52:30+00:00","description":"Die W\u00f6lfin im Tierpark Bern hat am 26. April 2024 zwei Jungtiere geboren","breadcrumb":{"@id":"https:\/\/tierpark-bern.ch\/en\/news\/wolfswelpen-im-tierpark\/#breadcrumb"},"inLanguage":"en-US","potentialAction":[{"@type":"ReadAction","target":["https:\/\/tierpark-bern.ch\/en\/news\/wolfswelpen-im-tierpark\/"]}]},{"@type":"ImageObject","inLanguage":"en-US","@id":"https:\/\/tierpark-bern.ch\/en\/news\/wolfswelpen-im-tierpark\/#primaryimage","url":"https:\/\/tierpark-bern.ch\/web\/app\/uploads\/2024\/06\/Wolfswelpe_2024_Foto_Tierpark_Bern_P1090026-min.jpg","contentUrl":"https:\/\/tierpark-bern.ch\/web\/app\/uploads\/2024\/06\/Wolfswelpe_2024_Foto_Tierpark_Bern_P1090026-min.jpg","width":1500,"height":845,"caption":"Ein Wolfswelpe liegt im Gras und schaut neugierig in die Kamera."},{"@type":"BreadcrumbList","@id":"https:\/\/tierpark-bern.ch\/en\/news\/wolfswelpen-im-tierpark\/#breadcrumb","itemListElement":[{"@type":"ListItem","position":1,"name":"Home","item":"https:\/\/tierpark-bern.ch\/en\/"},{"@type":"ListItem","position":2,"name":"Wolfswelpen im Tierpark"}]},{"@type":"WebSite","@id":"https:\/\/tierpark-bern.ch\/en\/#website","url":"https:\/\/tierpark-bern.ch\/en\/","name":"Tierpark Bern","description":"","publisher":{"@id":"https:\/\/tierpark-bern.ch\/en\/#organization"},"potentialAction":[{"@type":"SearchAction","target":{"@type":"EntryPoint","urlTemplate":"https:\/\/tierpark-bern.ch\/en\/?s={search_term_string}"},"query-input":{"@type":"PropertyValueSpecification","valueRequired":true,"valueName":"search_term_string"}}],"inLanguage":"en-US"},{"@type":"Organization","@id":"https:\/\/tierpark-bern.ch\/en\/#organization","name":"Tierpark Bern | D\u00e4hlh\u00f6lzli + B\u00e4renPark","alternateName":"Tierpark Bern","url":"https:\/\/tierpark-bern.ch\/en\/","logo":{"@type":"ImageObject","inLanguage":"en-US","@id":"https:\/\/tierpark-bern.ch\/en\/#\/schema\/logo\/image\/","url":"https:\/\/tierpark-bern.ch\/web\/app\/uploads\/2024\/04\/tierpark-bern-696x696-1.jpg","contentUrl":"https:\/\/tierpark-bern.ch\/web\/app\/uploads\/2024\/04\/tierpark-bern-696x696-1.jpg","width":696,"height":696,"caption":"Tierpark Bern | D\u00e4hlh\u00f6lzli + B\u00e4renPark"},"image":{"@id":"https:\/\/tierpark-bern.ch\/en\/#\/schema\/logo\/image\/"},"sameAs":["https:\/\/www.facebook.com\/tierparkbern\/","https:\/\/x.com\/tierparkbern","https:\/\/www.instagram.com\/tierparkbern\/"]}]}},"_links":{"self":[{"href":"https:\/\/tierpark-bern.ch\/en\/wp-json\/wp\/v2\/posts\/73561","targetHints":{"allow":["GET"]}}],"collection":[{"href":"https:\/\/tierpark-bern.ch\/en\/wp-json\/wp\/v2\/posts"}],"about":[{"href":"https:\/\/tierpark-bern.ch\/en\/wp-json\/wp\/v2\/types\/post"}],"author":[{"embeddable":true,"href":"https:\/\/tierpark-bern.ch\/en\/wp-json\/wp\/v2\/users\/1"}],"replies":[{"embeddable":true,"href":"https:\/\/tierpark-bern.ch\/en\/wp-json\/wp\/v2\/comments?post=73561"}],"version-history":[{"count":0,"href":"https:\/\/tierpark-bern.ch\/en\/wp-json\/wp\/v2\/posts\/73561\/revisions"}],"wp:featuredmedia":[{"embeddable":true,"href":"https:\/\/tierpark-bern.ch\/en\/wp-json\/wp\/v2\/media\/73511"}],"wp:attachment":[{"href":"https:\/\/tierpark-bern.ch\/en\/wp-json\/wp\/v2\/media?parent=73561"}],"wp:term":[{"taxonomy":"category","embeddable":true,"href":"https:\/\/tierpark-bern.ch\/en\/wp-json\/wp\/v2\/categories?post=73561"},{"taxonomy":"post_tag","embeddable":true,"href":"https:\/\/tierpark-bern.ch\/en\/wp-json\/wp\/v2\/tags?post=73561"},{"taxonomy":"zoo-type","embeddable":true,"href":"https:\/\/tierpark-bern.ch\/en\/wp-json\/wp\/v2\/zoo-type?post=73561"},{"taxonomy":"animal-list","embeddable":true,"href":"https:\/\/tierpark-bern.ch\/en\/wp-json\/wp\/v2\/animal-list?post=73561"}],"curies":[{"name":"wp","href":"https:\/\/api.w.org\/{rel}","templated":true}]}}