
{"id":73603,"date":"2024-05-30T13:08:38","date_gmt":"2024-05-30T11:08:38","guid":{"rendered":"https:\/\/tierpark-bern.ch\/news\/die-ziesel-wieseln\/"},"modified":"2025-08-29T06:36:46","modified_gmt":"2025-08-29T04:36:46","slug":"die-ziesel-wieseln","status":"publish","type":"post","link":"https:\/\/tierpark-bern.ch\/en\/news\/die-ziesel-wieseln\/","title":{"rendered":"Die Ziesel wieseln!"},"content":{"rendered":"<div class=\"wpb-content-wrapper\"><p>[vc_row][vc_column][vc_column_text css=&#8221;&#8221;]<\/p>\n<h2>Seit Ende Mai k\u00f6nnen Besucher im D\u00e4hlh\u00f6lzli-Zoo die ersten diesj\u00e4hrigen Ziesel-Jungtiere sehen!<\/h2>\n<p>Ca. 20 kleine Rabauken sorgen f\u00fcr viel Action und Unterhaltung. Bei der Geburt wiegen die kleinen Nagetiere ca. 10 Gramm. Etwa vier Wochen alt sind die Jungtiere, wenn sie erstmals ihre H\u00f6hlen verlassen und ihre Umgebung erkunden. Wie die erwachsenen Ziesel, kann man auch die Jungen gut beobachten, wie sie M\u00e4nnchen machen, um einen besseren \u00dcberblick zu gewinnen oder eifrig etwas zum Futtern suchen.[\/vc_column_text][\/vc_column][\/vc_row]<\/p>\n<\/div>","protected":false},"excerpt":{"rendered":"<p>Seit Ende Mai k\u00f6nnen Besucher im D\u00e4hlh\u00f6lzli-Zoo die ersten diesj\u00e4hrigen Ziesel-Jungtiere sehen!<\/p>\n","protected":false},"author":1,"featured_media":73520,"comment_status":"closed","ping_status":"closed","sticky":false,"template":"","format":"standard","meta":{"_acf_changed":false,"footnotes":""},"categories":[333],"tags":[732],"zoo-type":[],"animal-list":[738],"class_list":["post-73603","post","type-post","status-publish","format-standard","has-post-thumbnail","hentry","category-jungtiere-en","tag-europaeischer-ziesel-en","animal-list-europaeischer-ziesel-en"],"acf":[],"yoast_head":"<title>Die Ziesel wieseln! | Tierpark Bern<\/title>\n<meta name=\"description\" content=\"Seit Ende Mai k\u00f6nnen Besucher im D\u00e4hlh\u00f6lzli-Zoo die ersten diesj\u00e4hrigen Ziesel-Jungtiere sehen!\" \/>\n<meta name=\"robots\" content=\"index, follow, max-snippet:-1, max-image-preview:large, max-video-preview:-1\" \/>\n<link rel=\"canonical\" href=\"https:\/\/tierpark-bern.ch\/en\/news\/die-ziesel-wieseln\/\" \/>\n<meta property=\"og:locale\" content=\"en_US\" \/>\n<meta property=\"og:type\" content=\"article\" \/>\n<meta property=\"og:title\" content=\"Die Ziesel wieseln! | Tierpark Bern\" \/>\n<meta property=\"og:description\" content=\"Seit Ende Mai k\u00f6nnen Besucher im D\u00e4hlh\u00f6lzli-Zoo die ersten diesj\u00e4hrigen Ziesel-Jungtiere sehen!\" \/>\n<meta property=\"og:url\" content=\"https:\/\/tierpark-bern.ch\/en\/news\/die-ziesel-wieseln\/\" \/>\n<meta property=\"og:site_name\" content=\"Tierpark Bern\" \/>\n<meta property=\"article:publisher\" content=\"https:\/\/www.facebook.com\/tierparkbern\/\" \/>\n<meta property=\"article:published_time\" content=\"2024-05-30T11:08:38+00:00\" \/>\n<meta property=\"article:modified_time\" content=\"2025-08-29T04:36:46+00:00\" \/>\n<meta property=\"og:image\" content=\"https:\/\/tierpark-bern.ch\/web\/app\/uploads\/2024\/06\/Ziesel_Jungtiere_2024_Foto_Slezak-7866-min.jpg\" \/>\n\t<meta property=\"og:image:width\" content=\"1499\" \/>\n\t<meta property=\"og:image:height\" content=\"1001\" \/>\n\t<meta property=\"og:image:type\" content=\"image\/jpeg\" \/>\n<meta name=\"author\" content=\"Admin\" \/>\n<script type=\"application\/ld+json\" class=\"yoast-schema-graph\">{\"@context\":\"https:\/\/schema.org\",\"@graph\":[{\"@type\":\"Article\",\"@id\":\"https:\/\/tierpark-bern.ch\/en\/news\/die-ziesel-wieseln\/#article\",\"isPartOf\":{\"@id\":\"https:\/\/tierpark-bern.ch\/en\/news\/die-ziesel-wieseln\/\"},\"author\":{\"name\":\"Admin\",\"@id\":\"https:\/\/tierpark-bern.ch\/en\/#\/schema\/person\/fc8c06f92d4096baa065d0e5a8a5ffd7\"},\"headline\":\"Die Ziesel wieseln!\",\"datePublished\":\"2024-05-30T11:08:38+00:00\",\"dateModified\":\"2025-08-29T04:36:46+00:00\",\"mainEntityOfPage\":{\"@id\":\"https:\/\/tierpark-bern.ch\/en\/news\/die-ziesel-wieseln\/\"},\"wordCount\":99,\"publisher\":{\"@id\":\"https:\/\/tierpark-bern.ch\/en\/#organization\"},\"image\":{\"@id\":\"https:\/\/tierpark-bern.ch\/en\/news\/die-ziesel-wieseln\/#primaryimage\"},\"thumbnailUrl\":\"https:\/\/tierpark-bern.ch\/web\/app\/uploads\/2024\/06\/Ziesel_Jungtiere_2024_Foto_Slezak-7866-min.jpg\",\"keywords\":[\"European gopher\"],\"articleSection\":[\"Young animals\"],\"inLanguage\":\"en-US\"},{\"@type\":\"WebPage\",\"@id\":\"https:\/\/tierpark-bern.ch\/en\/news\/die-ziesel-wieseln\/\",\"url\":\"https:\/\/tierpark-bern.ch\/en\/news\/die-ziesel-wieseln\/\",\"name\":\"Die Ziesel wieseln! | Tierpark Bern\",\"isPartOf\":{\"@id\":\"https:\/\/tierpark-bern.ch\/en\/#website\"},\"primaryImageOfPage\":{\"@id\":\"https:\/\/tierpark-bern.ch\/en\/news\/die-ziesel-wieseln\/#primaryimage\"},\"image\":{\"@id\":\"https:\/\/tierpark-bern.ch\/en\/news\/die-ziesel-wieseln\/#primaryimage\"},\"thumbnailUrl\":\"https:\/\/tierpark-bern.ch\/web\/app\/uploads\/2024\/06\/Ziesel_Jungtiere_2024_Foto_Slezak-7866-min.jpg\",\"datePublished\":\"2024-05-30T11:08:38+00:00\",\"dateModified\":\"2025-08-29T04:36:46+00:00\",\"description\":\"Seit Ende Mai k\u00f6nnen Besucher im D\u00e4hlh\u00f6lzli-Zoo die ersten diesj\u00e4hrigen Ziesel-Jungtiere sehen!\",\"breadcrumb\":{\"@id\":\"https:\/\/tierpark-bern.ch\/en\/news\/die-ziesel-wieseln\/#breadcrumb\"},\"inLanguage\":\"en-US\",\"potentialAction\":[{\"@type\":\"ReadAction\",\"target\":[\"https:\/\/tierpark-bern.ch\/en\/news\/die-ziesel-wieseln\/\"]}]},{\"@type\":\"ImageObject\",\"inLanguage\":\"en-US\",\"@id\":\"https:\/\/tierpark-bern.ch\/en\/news\/die-ziesel-wieseln\/#primaryimage\",\"url\":\"https:\/\/tierpark-bern.ch\/web\/app\/uploads\/2024\/06\/Ziesel_Jungtiere_2024_Foto_Slezak-7866-min.jpg\",\"contentUrl\":\"https:\/\/tierpark-bern.ch\/web\/app\/uploads\/2024\/06\/Ziesel_Jungtiere_2024_Foto_Slezak-7866-min.jpg\",\"width\":1499,\"height\":1001,\"caption\":\"Mehrere junge Ziesel sitzen im Gras und schauen neugierig umher. Ein Ziesel im Hintergrund steht aufrecht auf seinen Hinterbeinen und blickt aufmerksam in die Umgebung. Die anderen Ziesel sind teilweise unscharf im Vordergrund zu sehen.\"},{\"@type\":\"BreadcrumbList\",\"@id\":\"https:\/\/tierpark-bern.ch\/en\/news\/die-ziesel-wieseln\/#breadcrumb\",\"itemListElement\":[{\"@type\":\"ListItem\",\"position\":1,\"name\":\"Home\",\"item\":\"https:\/\/tierpark-bern.ch\/en\/\"},{\"@type\":\"ListItem\",\"position\":2,\"name\":\"Die Ziesel wieseln!\"}]},{\"@type\":\"WebSite\",\"@id\":\"https:\/\/tierpark-bern.ch\/en\/#website\",\"url\":\"https:\/\/tierpark-bern.ch\/en\/\",\"name\":\"Tierpark Bern\",\"description\":\"\",\"publisher\":{\"@id\":\"https:\/\/tierpark-bern.ch\/en\/#organization\"},\"potentialAction\":[{\"@type\":\"SearchAction\",\"target\":{\"@type\":\"EntryPoint\",\"urlTemplate\":\"https:\/\/tierpark-bern.ch\/en\/?s={search_term_string}\"},\"query-input\":{\"@type\":\"PropertyValueSpecification\",\"valueRequired\":true,\"valueName\":\"search_term_string\"}}],\"inLanguage\":\"en-US\"},{\"@type\":\"Organization\",\"@id\":\"https:\/\/tierpark-bern.ch\/en\/#organization\",\"name\":\"Tierpark Bern | D\u00e4hlh\u00f6lzli + B\u00e4renPark\",\"alternateName\":\"Tierpark Bern\",\"url\":\"https:\/\/tierpark-bern.ch\/en\/\",\"logo\":{\"@type\":\"ImageObject\",\"inLanguage\":\"en-US\",\"@id\":\"https:\/\/tierpark-bern.ch\/en\/#\/schema\/logo\/image\/\",\"url\":\"https:\/\/tierpark-bern.ch\/web\/app\/uploads\/2024\/04\/tierpark-bern-696x696-1.jpg\",\"contentUrl\":\"https:\/\/tierpark-bern.ch\/web\/app\/uploads\/2024\/04\/tierpark-bern-696x696-1.jpg\",\"width\":696,\"height\":696,\"caption\":\"Tierpark Bern | D\u00e4hlh\u00f6lzli + B\u00e4renPark\"},\"image\":{\"@id\":\"https:\/\/tierpark-bern.ch\/en\/#\/schema\/logo\/image\/\"},\"sameAs\":[\"https:\/\/www.facebook.com\/tierparkbern\/\",\"https:\/\/x.com\/tierparkbern\",\"https:\/\/www.instagram.com\/tierparkbern\/\"]}]}<\/script>","yoast_head_json":{"title":"Die Ziesel wieseln! | Tierpark Bern","description":"Seit Ende Mai k\u00f6nnen Besucher im D\u00e4hlh\u00f6lzli-Zoo die ersten diesj\u00e4hrigen Ziesel-Jungtiere sehen!","robots":{"index":"index","follow":"follow","max-snippet":"max-snippet:-1","max-image-preview":"max-image-preview:large","max-video-preview":"max-video-preview:-1"},"canonical":"https:\/\/tierpark-bern.ch\/en\/news\/die-ziesel-wieseln\/","og_locale":"en_US","og_type":"article","og_title":"Die Ziesel wieseln! | Tierpark Bern","og_description":"Seit Ende Mai k\u00f6nnen Besucher im D\u00e4hlh\u00f6lzli-Zoo die ersten diesj\u00e4hrigen Ziesel-Jungtiere sehen!","og_url":"https:\/\/tierpark-bern.ch\/en\/news\/die-ziesel-wieseln\/","og_site_name":"Tierpark Bern","article_publisher":"https:\/\/www.facebook.com\/tierparkbern\/","article_published_time":"2024-05-30T11:08:38+00:00","article_modified_time":"2025-08-29T04:36:46+00:00","og_image":[{"width":1499,"height":1001,"url":"https:\/\/tierpark-bern.ch\/web\/app\/uploads\/2024\/06\/Ziesel_Jungtiere_2024_Foto_Slezak-7866-min.jpg","type":"image\/jpeg"}],"author":"Admin","schema":{"@context":"https:\/\/schema.org","@graph":[{"@type":"Article","@id":"https:\/\/tierpark-bern.ch\/en\/news\/die-ziesel-wieseln\/#article","isPartOf":{"@id":"https:\/\/tierpark-bern.ch\/en\/news\/die-ziesel-wieseln\/"},"author":{"name":"Admin","@id":"https:\/\/tierpark-bern.ch\/en\/#\/schema\/person\/fc8c06f92d4096baa065d0e5a8a5ffd7"},"headline":"Die Ziesel wieseln!","datePublished":"2024-05-30T11:08:38+00:00","dateModified":"2025-08-29T04:36:46+00:00","mainEntityOfPage":{"@id":"https:\/\/tierpark-bern.ch\/en\/news\/die-ziesel-wieseln\/"},"wordCount":99,"publisher":{"@id":"https:\/\/tierpark-bern.ch\/en\/#organization"},"image":{"@id":"https:\/\/tierpark-bern.ch\/en\/news\/die-ziesel-wieseln\/#primaryimage"},"thumbnailUrl":"https:\/\/tierpark-bern.ch\/web\/app\/uploads\/2024\/06\/Ziesel_Jungtiere_2024_Foto_Slezak-7866-min.jpg","keywords":["European gopher"],"articleSection":["Young animals"],"inLanguage":"en-US"},{"@type":"WebPage","@id":"https:\/\/tierpark-bern.ch\/en\/news\/die-ziesel-wieseln\/","url":"https:\/\/tierpark-bern.ch\/en\/news\/die-ziesel-wieseln\/","name":"Die Ziesel wieseln! | Tierpark Bern","isPartOf":{"@id":"https:\/\/tierpark-bern.ch\/en\/#website"},"primaryImageOfPage":{"@id":"https:\/\/tierpark-bern.ch\/en\/news\/die-ziesel-wieseln\/#primaryimage"},"image":{"@id":"https:\/\/tierpark-bern.ch\/en\/news\/die-ziesel-wieseln\/#primaryimage"},"thumbnailUrl":"https:\/\/tierpark-bern.ch\/web\/app\/uploads\/2024\/06\/Ziesel_Jungtiere_2024_Foto_Slezak-7866-min.jpg","datePublished":"2024-05-30T11:08:38+00:00","dateModified":"2025-08-29T04:36:46+00:00","description":"Seit Ende Mai k\u00f6nnen Besucher im D\u00e4hlh\u00f6lzli-Zoo die ersten diesj\u00e4hrigen Ziesel-Jungtiere sehen!","breadcrumb":{"@id":"https:\/\/tierpark-bern.ch\/en\/news\/die-ziesel-wieseln\/#breadcrumb"},"inLanguage":"en-US","potentialAction":[{"@type":"ReadAction","target":["https:\/\/tierpark-bern.ch\/en\/news\/die-ziesel-wieseln\/"]}]},{"@type":"ImageObject","inLanguage":"en-US","@id":"https:\/\/tierpark-bern.ch\/en\/news\/die-ziesel-wieseln\/#primaryimage","url":"https:\/\/tierpark-bern.ch\/web\/app\/uploads\/2024\/06\/Ziesel_Jungtiere_2024_Foto_Slezak-7866-min.jpg","contentUrl":"https:\/\/tierpark-bern.ch\/web\/app\/uploads\/2024\/06\/Ziesel_Jungtiere_2024_Foto_Slezak-7866-min.jpg","width":1499,"height":1001,"caption":"Mehrere junge Ziesel sitzen im Gras und schauen neugierig umher. Ein Ziesel im Hintergrund steht aufrecht auf seinen Hinterbeinen und blickt aufmerksam in die Umgebung. Die anderen Ziesel sind teilweise unscharf im Vordergrund zu sehen."},{"@type":"BreadcrumbList","@id":"https:\/\/tierpark-bern.ch\/en\/news\/die-ziesel-wieseln\/#breadcrumb","itemListElement":[{"@type":"ListItem","position":1,"name":"Home","item":"https:\/\/tierpark-bern.ch\/en\/"},{"@type":"ListItem","position":2,"name":"Die Ziesel wieseln!"}]},{"@type":"WebSite","@id":"https:\/\/tierpark-bern.ch\/en\/#website","url":"https:\/\/tierpark-bern.ch\/en\/","name":"Tierpark Bern","description":"","publisher":{"@id":"https:\/\/tierpark-bern.ch\/en\/#organization"},"potentialAction":[{"@type":"SearchAction","target":{"@type":"EntryPoint","urlTemplate":"https:\/\/tierpark-bern.ch\/en\/?s={search_term_string}"},"query-input":{"@type":"PropertyValueSpecification","valueRequired":true,"valueName":"search_term_string"}}],"inLanguage":"en-US"},{"@type":"Organization","@id":"https:\/\/tierpark-bern.ch\/en\/#organization","name":"Tierpark Bern | D\u00e4hlh\u00f6lzli + B\u00e4renPark","alternateName":"Tierpark Bern","url":"https:\/\/tierpark-bern.ch\/en\/","logo":{"@type":"ImageObject","inLanguage":"en-US","@id":"https:\/\/tierpark-bern.ch\/en\/#\/schema\/logo\/image\/","url":"https:\/\/tierpark-bern.ch\/web\/app\/uploads\/2024\/04\/tierpark-bern-696x696-1.jpg","contentUrl":"https:\/\/tierpark-bern.ch\/web\/app\/uploads\/2024\/04\/tierpark-bern-696x696-1.jpg","width":696,"height":696,"caption":"Tierpark Bern | D\u00e4hlh\u00f6lzli + B\u00e4renPark"},"image":{"@id":"https:\/\/tierpark-bern.ch\/en\/#\/schema\/logo\/image\/"},"sameAs":["https:\/\/www.facebook.com\/tierparkbern\/","https:\/\/x.com\/tierparkbern","https:\/\/www.instagram.com\/tierparkbern\/"]}]}},"_links":{"self":[{"href":"https:\/\/tierpark-bern.ch\/en\/wp-json\/wp\/v2\/posts\/73603","targetHints":{"allow":["GET"]}}],"collection":[{"href":"https:\/\/tierpark-bern.ch\/en\/wp-json\/wp\/v2\/posts"}],"about":[{"href":"https:\/\/tierpark-bern.ch\/en\/wp-json\/wp\/v2\/types\/post"}],"author":[{"embeddable":true,"href":"https:\/\/tierpark-bern.ch\/en\/wp-json\/wp\/v2\/users\/1"}],"replies":[{"embeddable":true,"href":"https:\/\/tierpark-bern.ch\/en\/wp-json\/wp\/v2\/comments?post=73603"}],"version-history":[{"count":0,"href":"https:\/\/tierpark-bern.ch\/en\/wp-json\/wp\/v2\/posts\/73603\/revisions"}],"wp:featuredmedia":[{"embeddable":true,"href":"https:\/\/tierpark-bern.ch\/en\/wp-json\/wp\/v2\/media\/73520"}],"wp:attachment":[{"href":"https:\/\/tierpark-bern.ch\/en\/wp-json\/wp\/v2\/media?parent=73603"}],"wp:term":[{"taxonomy":"category","embeddable":true,"href":"https:\/\/tierpark-bern.ch\/en\/wp-json\/wp\/v2\/categories?post=73603"},{"taxonomy":"post_tag","embeddable":true,"href":"https:\/\/tierpark-bern.ch\/en\/wp-json\/wp\/v2\/tags?post=73603"},{"taxonomy":"zoo-type","embeddable":true,"href":"https:\/\/tierpark-bern.ch\/en\/wp-json\/wp\/v2\/zoo-type?post=73603"},{"taxonomy":"animal-list","embeddable":true,"href":"https:\/\/tierpark-bern.ch\/en\/wp-json\/wp\/v2\/animal-list?post=73603"}],"curies":[{"name":"wp","href":"https:\/\/api.w.org\/{rel}","templated":true}]}}