{"id":46132,"date":"2020-06-09T13:49:55","date_gmt":"2020-06-09T11:49:55","guid":{"rendered":"https:\/\/tierpark-bern.ch\/?p=46132"},"modified":"2024-02-17T16:12:02","modified_gmt":"2024-02-17T15:12:02","slug":"reintroduction-de-la-chouette-cheveche","status":"publish","type":"post","link":"https:\/\/tierpark-bern.ch\/fr\/news\/reintroduction-de-la-chouette-cheveche\/","title":{"rendered":"R\u00e9introduction de la chouette chev\u00eache"},"content":{"rendered":"<div class=\"wpb-content-wrapper\"><p>[vc_row][vc_column][vc_column_text]Le parc zoologique de Berne d\u00e9tient et \u00e9l\u00e8ve des chouettes chev\u00eaches depuis bient\u00f4t 50 ans. Ces rapaces nocturnes allaient toujours \u00e0 d\u2019autres zoos ou \u00e0 des particuliers. Depuis peu de temps, ils contribuent \u00e0 la r\u00e9introduction de cette esp\u00e8ce int\u00e9ressante \u2013 en Allemagne pour l\u2019instant, et si tout va bien en Suisse plus tard. Pour la deuxi\u00e8me fois, une port\u00e9e de chouettes chev\u00eaches a fait le voyage jusqu\u2019au nord de l\u2019Allemagne, dans le cadre d\u2019un projet de r\u00e9implantation, pour \u00eatre rel\u00e2ch\u00e9e dans le parc naturel de Nuthe-Nieplitz. Nous souhaitons aux deux jeunes oiseaux de s\u2019acclimater rapidement \u00e0 leur nouvel environnement.<\/p>\n<p>La chev\u00eache est une petite chouette dont l\u2019aire de r\u00e9partition s\u2019\u00e9tend de l\u2019Afrique du Nord-Ouest \u00e0 l\u2019est de la Chine, en passant par l\u2019Europe. La Suisse en fait partie m\u00eame, si d\u00e8s les ann\u00e9es 1950, ses effectifs ont fortement diminu\u00e9. On y trouve encore au maximum 150 couples nicheurs, essentiellement dans la r\u00e9gion de Gen\u00e8ve, en Ajoie et au Tessin, chiffre en l\u00e9g\u00e8re hausse. L\u2019esp\u00e8ce est donc fortement menac\u00e9e et des programmes de r\u00e9introduction sont en cours, mais h\u00e9las pas en Suisse.[\/vc_column_text][\/vc_column][\/vc_row][vc_row][vc_column width=&#8221;1\/2&#8243;][vc_single_image image=&#8221;24127&#8243; add_caption=&#8221;yes&#8221;][\/vc_column][vc_column width=&#8221;1\/2&#8243;][vc_single_image image=&#8221;24124&#8243; add_caption=&#8221;yes&#8221;][\/vc_column][\/vc_row][vc_row][vc_column width=&#8221;1\/2&#8243;][vc_single_image image=&#8221;24019&#8243; add_caption=&#8221;yes&#8221;][\/vc_column][vc_column width=&#8221;1\/2&#8243;][vc_single_image image=&#8221;24006&#8243; add_caption=&#8221;yes&#8221;][\/vc_column][\/vc_row][vc_row][vc_column][vc_column_text]<a class=\"button button--dahlholzli\" href=\"https:\/\/tierpark-bern.ch\/news\/wiederansiedelung-steinkauz\/\">Pour en savoir plus sur la r\u00e9introduction de la chouette chev\u00eache (en allemand seulement)<\/a>[\/vc_column_text][\/vc_column][\/vc_row]<\/p>\n<\/div>","protected":false},"excerpt":{"rendered":"<p>Le parc zoologique de Berne d\u00e9tient et \u00e9l\u00e8ve des chouettes chev\u00eaches depuis bient\u00f4t 50 ans.<\/p>\n","protected":false},"author":1,"featured_media":42894,"comment_status":"closed","ping_status":"closed","sticky":false,"template":"","format":"standard","meta":{"_acf_changed":false,"footnotes":""},"categories":[306,332],"tags":[364],"zoo-type":[384],"animal-list":[408],"class_list":["post-46132","post","type-post","status-publish","format-standard","has-post-thumbnail","hentry","category-allgemein","category-auswilderungsprogramm-fr","tag-chouette-cheveche","zoo-type-daehlhoelzli","animal-list-steinkauz-fr"],"acf":[],"yoast_head":"<title>R\u00e9introduction de la chouette chev\u00eache | Tierpark Bern<\/title>\n<meta name=\"description\" content=\"Le parc zoologique de Berne d\u00e9tient et \u00e9l\u00e8ve des chouettes chev\u00eaches depuis bient\u00f4t 50 ans.\" \/>\n<meta name=\"robots\" content=\"index, follow, max-snippet:-1, max-image-preview:large, max-video-preview:-1\" \/>\n<link rel=\"canonical\" href=\"https:\/\/tierpark-bern.ch\/fr\/news\/reintroduction-de-la-chouette-cheveche\/\" \/>\n<meta property=\"og:locale\" content=\"fr_FR\" \/>\n<meta property=\"og:type\" content=\"article\" \/>\n<meta property=\"og:title\" content=\"R\u00e9introduction de la chouette chev\u00eache | Tierpark Bern\" \/>\n<meta property=\"og:description\" content=\"Le parc zoologique de Berne d\u00e9tient et \u00e9l\u00e8ve des chouettes chev\u00eaches depuis bient\u00f4t 50 ans.\" \/>\n<meta property=\"og:url\" content=\"https:\/\/tierpark-bern.ch\/fr\/news\/reintroduction-de-la-chouette-cheveche\/\" \/>\n<meta property=\"og:site_name\" content=\"Tierpark Bern\" \/>\n<meta property=\"article:publisher\" content=\"https:\/\/www.facebook.com\/tierparkbern\/\" \/>\n<meta property=\"article:published_time\" content=\"2020-06-09T11:49:55+00:00\" \/>\n<meta property=\"article:modified_time\" content=\"2024-02-17T15:12:02+00:00\" \/>\n<meta property=\"og:image\" content=\"https:\/\/tierpark-bern.ch\/web\/app\/uploads\/2022\/04\/steinkauz-im-tierpark-bern-2-2.jpg\" \/>\n\t<meta property=\"og:image:width\" content=\"1000\" \/>\n\t<meta property=\"og:image:height\" content=\"668\" \/>\n\t<meta property=\"og:image:type\" content=\"image\/jpeg\" \/>\n<meta name=\"author\" content=\"Admin\" \/>\n<script type=\"application\/ld+json\" class=\"yoast-schema-graph\">{\"@context\":\"https:\/\/schema.org\",\"@graph\":[{\"@type\":\"Article\",\"@id\":\"https:\/\/tierpark-bern.ch\/fr\/news\/reintroduction-de-la-chouette-cheveche\/#article\",\"isPartOf\":{\"@id\":\"https:\/\/tierpark-bern.ch\/fr\/news\/reintroduction-de-la-chouette-cheveche\/\"},\"author\":{\"name\":\"Admin\",\"@id\":\"https:\/\/tierpark-bern.ch\/fr\/#\/schema\/person\/fc8c06f92d4096baa065d0e5a8a5ffd7\"},\"headline\":\"R\u00e9introduction de la chouette chev\u00eache\",\"datePublished\":\"2020-06-09T11:49:55+00:00\",\"dateModified\":\"2024-02-17T15:12:02+00:00\",\"mainEntityOfPage\":{\"@id\":\"https:\/\/tierpark-bern.ch\/fr\/news\/reintroduction-de-la-chouette-cheveche\/\"},\"wordCount\":318,\"publisher\":{\"@id\":\"https:\/\/tierpark-bern.ch\/fr\/#organization\"},\"image\":{\"@id\":\"https:\/\/tierpark-bern.ch\/fr\/news\/reintroduction-de-la-chouette-cheveche\/#primaryimage\"},\"thumbnailUrl\":\"https:\/\/tierpark-bern.ch\/web\/app\/uploads\/2022\/04\/steinkauz-im-tierpark-bern-2-2.jpg\",\"keywords\":[\"Chouette chev\u00eache\"],\"articleSection\":[\"News\",\"Protection des esp\u00e8ces\"],\"inLanguage\":\"fr-FR\"},{\"@type\":\"WebPage\",\"@id\":\"https:\/\/tierpark-bern.ch\/fr\/news\/reintroduction-de-la-chouette-cheveche\/\",\"url\":\"https:\/\/tierpark-bern.ch\/fr\/news\/reintroduction-de-la-chouette-cheveche\/\",\"name\":\"R\u00e9introduction de la chouette chev\u00eache | Tierpark Bern\",\"isPartOf\":{\"@id\":\"https:\/\/tierpark-bern.ch\/fr\/#website\"},\"primaryImageOfPage\":{\"@id\":\"https:\/\/tierpark-bern.ch\/fr\/news\/reintroduction-de-la-chouette-cheveche\/#primaryimage\"},\"image\":{\"@id\":\"https:\/\/tierpark-bern.ch\/fr\/news\/reintroduction-de-la-chouette-cheveche\/#primaryimage\"},\"thumbnailUrl\":\"https:\/\/tierpark-bern.ch\/web\/app\/uploads\/2022\/04\/steinkauz-im-tierpark-bern-2-2.jpg\",\"datePublished\":\"2020-06-09T11:49:55+00:00\",\"dateModified\":\"2024-02-17T15:12:02+00:00\",\"description\":\"Le parc zoologique de Berne d\u00e9tient et \u00e9l\u00e8ve des chouettes chev\u00eaches depuis bient\u00f4t 50 ans.\",\"breadcrumb\":{\"@id\":\"https:\/\/tierpark-bern.ch\/fr\/news\/reintroduction-de-la-chouette-cheveche\/#breadcrumb\"},\"inLanguage\":\"fr-FR\",\"potentialAction\":[{\"@type\":\"ReadAction\",\"target\":[\"https:\/\/tierpark-bern.ch\/fr\/news\/reintroduction-de-la-chouette-cheveche\/\"]}]},{\"@type\":\"ImageObject\",\"inLanguage\":\"fr-FR\",\"@id\":\"https:\/\/tierpark-bern.ch\/fr\/news\/reintroduction-de-la-chouette-cheveche\/#primaryimage\",\"url\":\"https:\/\/tierpark-bern.ch\/web\/app\/uploads\/2022\/04\/steinkauz-im-tierpark-bern-2-2.jpg\",\"contentUrl\":\"https:\/\/tierpark-bern.ch\/web\/app\/uploads\/2022\/04\/steinkauz-im-tierpark-bern-2-2.jpg\",\"width\":1000,\"height\":668,\"caption\":\"Ein Steinkauz sitzt auf einem Ast\"},{\"@type\":\"BreadcrumbList\",\"@id\":\"https:\/\/tierpark-bern.ch\/fr\/news\/reintroduction-de-la-chouette-cheveche\/#breadcrumb\",\"itemListElement\":[{\"@type\":\"ListItem\",\"position\":1,\"name\":\"Home\",\"item\":\"https:\/\/tierpark-bern.ch\/fr\/home\/\"},{\"@type\":\"ListItem\",\"position\":2,\"name\":\"R\u00e9introduction de la chouette chev\u00eache\"}]},{\"@type\":\"WebSite\",\"@id\":\"https:\/\/tierpark-bern.ch\/fr\/#website\",\"url\":\"https:\/\/tierpark-bern.ch\/fr\/\",\"name\":\"Tierpark Bern\",\"description\":\"\",\"publisher\":{\"@id\":\"https:\/\/tierpark-bern.ch\/fr\/#organization\"},\"potentialAction\":[{\"@type\":\"SearchAction\",\"target\":{\"@type\":\"EntryPoint\",\"urlTemplate\":\"https:\/\/tierpark-bern.ch\/fr\/?s={search_term_string}\"},\"query-input\":{\"@type\":\"PropertyValueSpecification\",\"valueRequired\":true,\"valueName\":\"search_term_string\"}}],\"inLanguage\":\"fr-FR\"},{\"@type\":\"Organization\",\"@id\":\"https:\/\/tierpark-bern.ch\/fr\/#organization\",\"name\":\"Tierpark Bern | D\u00e4hlh\u00f6lzli + B\u00e4renPark\",\"alternateName\":\"Tierpark Bern\",\"url\":\"https:\/\/tierpark-bern.ch\/fr\/\",\"logo\":{\"@type\":\"ImageObject\",\"inLanguage\":\"fr-FR\",\"@id\":\"https:\/\/tierpark-bern.ch\/fr\/#\/schema\/logo\/image\/\",\"url\":\"https:\/\/tierpark-bern.ch\/web\/app\/uploads\/2024\/04\/tierpark-bern-696x696-1.jpg\",\"contentUrl\":\"https:\/\/tierpark-bern.ch\/web\/app\/uploads\/2024\/04\/tierpark-bern-696x696-1.jpg\",\"width\":696,\"height\":696,\"caption\":\"Tierpark Bern | D\u00e4hlh\u00f6lzli + B\u00e4renPark\"},\"image\":{\"@id\":\"https:\/\/tierpark-bern.ch\/fr\/#\/schema\/logo\/image\/\"},\"sameAs\":[\"https:\/\/www.facebook.com\/tierparkbern\/\",\"https:\/\/x.com\/tierparkbern\",\"https:\/\/www.instagram.com\/tierparkbern\/\"]}]}<\/script>","yoast_head_json":{"title":"R\u00e9introduction de la chouette chev\u00eache | Tierpark Bern","description":"Le parc zoologique de Berne d\u00e9tient et \u00e9l\u00e8ve des chouettes chev\u00eaches depuis bient\u00f4t 50 ans.","robots":{"index":"index","follow":"follow","max-snippet":"max-snippet:-1","max-image-preview":"max-image-preview:large","max-video-preview":"max-video-preview:-1"},"canonical":"https:\/\/tierpark-bern.ch\/fr\/news\/reintroduction-de-la-chouette-cheveche\/","og_locale":"fr_FR","og_type":"article","og_title":"R\u00e9introduction de la chouette chev\u00eache | Tierpark Bern","og_description":"Le parc zoologique de Berne d\u00e9tient et \u00e9l\u00e8ve des chouettes chev\u00eaches depuis bient\u00f4t 50 ans.","og_url":"https:\/\/tierpark-bern.ch\/fr\/news\/reintroduction-de-la-chouette-cheveche\/","og_site_name":"Tierpark Bern","article_publisher":"https:\/\/www.facebook.com\/tierparkbern\/","article_published_time":"2020-06-09T11:49:55+00:00","article_modified_time":"2024-02-17T15:12:02+00:00","og_image":[{"width":1000,"height":668,"url":"https:\/\/tierpark-bern.ch\/web\/app\/uploads\/2022\/04\/steinkauz-im-tierpark-bern-2-2.jpg","type":"image\/jpeg"}],"author":"Admin","schema":{"@context":"https:\/\/schema.org","@graph":[{"@type":"Article","@id":"https:\/\/tierpark-bern.ch\/fr\/news\/reintroduction-de-la-chouette-cheveche\/#article","isPartOf":{"@id":"https:\/\/tierpark-bern.ch\/fr\/news\/reintroduction-de-la-chouette-cheveche\/"},"author":{"name":"Admin","@id":"https:\/\/tierpark-bern.ch\/fr\/#\/schema\/person\/fc8c06f92d4096baa065d0e5a8a5ffd7"},"headline":"R\u00e9introduction de la chouette chev\u00eache","datePublished":"2020-06-09T11:49:55+00:00","dateModified":"2024-02-17T15:12:02+00:00","mainEntityOfPage":{"@id":"https:\/\/tierpark-bern.ch\/fr\/news\/reintroduction-de-la-chouette-cheveche\/"},"wordCount":318,"publisher":{"@id":"https:\/\/tierpark-bern.ch\/fr\/#organization"},"image":{"@id":"https:\/\/tierpark-bern.ch\/fr\/news\/reintroduction-de-la-chouette-cheveche\/#primaryimage"},"thumbnailUrl":"https:\/\/tierpark-bern.ch\/web\/app\/uploads\/2022\/04\/steinkauz-im-tierpark-bern-2-2.jpg","keywords":["Chouette chev\u00eache"],"articleSection":["News","Protection des esp\u00e8ces"],"inLanguage":"fr-FR"},{"@type":"WebPage","@id":"https:\/\/tierpark-bern.ch\/fr\/news\/reintroduction-de-la-chouette-cheveche\/","url":"https:\/\/tierpark-bern.ch\/fr\/news\/reintroduction-de-la-chouette-cheveche\/","name":"R\u00e9introduction de la chouette chev\u00eache | Tierpark Bern","isPartOf":{"@id":"https:\/\/tierpark-bern.ch\/fr\/#website"},"primaryImageOfPage":{"@id":"https:\/\/tierpark-bern.ch\/fr\/news\/reintroduction-de-la-chouette-cheveche\/#primaryimage"},"image":{"@id":"https:\/\/tierpark-bern.ch\/fr\/news\/reintroduction-de-la-chouette-cheveche\/#primaryimage"},"thumbnailUrl":"https:\/\/tierpark-bern.ch\/web\/app\/uploads\/2022\/04\/steinkauz-im-tierpark-bern-2-2.jpg","datePublished":"2020-06-09T11:49:55+00:00","dateModified":"2024-02-17T15:12:02+00:00","description":"Le parc zoologique de Berne d\u00e9tient et \u00e9l\u00e8ve des chouettes chev\u00eaches depuis bient\u00f4t 50 ans.","breadcrumb":{"@id":"https:\/\/tierpark-bern.ch\/fr\/news\/reintroduction-de-la-chouette-cheveche\/#breadcrumb"},"inLanguage":"fr-FR","potentialAction":[{"@type":"ReadAction","target":["https:\/\/tierpark-bern.ch\/fr\/news\/reintroduction-de-la-chouette-cheveche\/"]}]},{"@type":"ImageObject","inLanguage":"fr-FR","@id":"https:\/\/tierpark-bern.ch\/fr\/news\/reintroduction-de-la-chouette-cheveche\/#primaryimage","url":"https:\/\/tierpark-bern.ch\/web\/app\/uploads\/2022\/04\/steinkauz-im-tierpark-bern-2-2.jpg","contentUrl":"https:\/\/tierpark-bern.ch\/web\/app\/uploads\/2022\/04\/steinkauz-im-tierpark-bern-2-2.jpg","width":1000,"height":668,"caption":"Ein Steinkauz sitzt auf einem Ast"},{"@type":"BreadcrumbList","@id":"https:\/\/tierpark-bern.ch\/fr\/news\/reintroduction-de-la-chouette-cheveche\/#breadcrumb","itemListElement":[{"@type":"ListItem","position":1,"name":"Home","item":"https:\/\/tierpark-bern.ch\/fr\/home\/"},{"@type":"ListItem","position":2,"name":"R\u00e9introduction de la chouette chev\u00eache"}]},{"@type":"WebSite","@id":"https:\/\/tierpark-bern.ch\/fr\/#website","url":"https:\/\/tierpark-bern.ch\/fr\/","name":"Tierpark Bern","description":"","publisher":{"@id":"https:\/\/tierpark-bern.ch\/fr\/#organization"},"potentialAction":[{"@type":"SearchAction","target":{"@type":"EntryPoint","urlTemplate":"https:\/\/tierpark-bern.ch\/fr\/?s={search_term_string}"},"query-input":{"@type":"PropertyValueSpecification","valueRequired":true,"valueName":"search_term_string"}}],"inLanguage":"fr-FR"},{"@type":"Organization","@id":"https:\/\/tierpark-bern.ch\/fr\/#organization","name":"Tierpark Bern | D\u00e4hlh\u00f6lzli + B\u00e4renPark","alternateName":"Tierpark Bern","url":"https:\/\/tierpark-bern.ch\/fr\/","logo":{"@type":"ImageObject","inLanguage":"fr-FR","@id":"https:\/\/tierpark-bern.ch\/fr\/#\/schema\/logo\/image\/","url":"https:\/\/tierpark-bern.ch\/web\/app\/uploads\/2024\/04\/tierpark-bern-696x696-1.jpg","contentUrl":"https:\/\/tierpark-bern.ch\/web\/app\/uploads\/2024\/04\/tierpark-bern-696x696-1.jpg","width":696,"height":696,"caption":"Tierpark Bern | D\u00e4hlh\u00f6lzli + B\u00e4renPark"},"image":{"@id":"https:\/\/tierpark-bern.ch\/fr\/#\/schema\/logo\/image\/"},"sameAs":["https:\/\/www.facebook.com\/tierparkbern\/","https:\/\/x.com\/tierparkbern","https:\/\/www.instagram.com\/tierparkbern\/"]}]}},"_links":{"self":[{"href":"https:\/\/tierpark-bern.ch\/fr\/wp-json\/wp\/v2\/posts\/46132","targetHints":{"allow":["GET"]}}],"collection":[{"href":"https:\/\/tierpark-bern.ch\/fr\/wp-json\/wp\/v2\/posts"}],"about":[{"href":"https:\/\/tierpark-bern.ch\/fr\/wp-json\/wp\/v2\/types\/post"}],"author":[{"embeddable":true,"href":"https:\/\/tierpark-bern.ch\/fr\/wp-json\/wp\/v2\/users\/1"}],"replies":[{"embeddable":true,"href":"https:\/\/tierpark-bern.ch\/fr\/wp-json\/wp\/v2\/comments?post=46132"}],"version-history":[{"count":0,"href":"https:\/\/tierpark-bern.ch\/fr\/wp-json\/wp\/v2\/posts\/46132\/revisions"}],"wp:featuredmedia":[{"embeddable":true,"href":"https:\/\/tierpark-bern.ch\/fr\/wp-json\/wp\/v2\/media\/42894"}],"wp:attachment":[{"href":"https:\/\/tierpark-bern.ch\/fr\/wp-json\/wp\/v2\/media?parent=46132"}],"wp:term":[{"taxonomy":"category","embeddable":true,"href":"https:\/\/tierpark-bern.ch\/fr\/wp-json\/wp\/v2\/categories?post=46132"},{"taxonomy":"post_tag","embeddable":true,"href":"https:\/\/tierpark-bern.ch\/fr\/wp-json\/wp\/v2\/tags?post=46132"},{"taxonomy":"zoo-type","embeddable":true,"href":"https:\/\/tierpark-bern.ch\/fr\/wp-json\/wp\/v2\/zoo-type?post=46132"},{"taxonomy":"animal-list","embeddable":true,"href":"https:\/\/tierpark-bern.ch\/fr\/wp-json\/wp\/v2\/animal-list?post=46132"}],"curies":[{"name":"wp","href":"https:\/\/api.w.org\/{rel}","templated":true}]}}