{"id":48488,"date":"2022-04-12T13:58:50","date_gmt":"2022-04-12T11:58:50","guid":{"rendered":"https:\/\/tierpark-bern.ch\/news\/raum-fuer-genuss-das-neue-eulen-bistro-im-tierpark-bern\/"},"modified":"2024-02-17T16:18:45","modified_gmt":"2024-02-17T15:18:45","slug":"raum-fuer-genuss-das-neue-eulen-bistro-im-tierpark-bern","status":"publish","type":"post","link":"https:\/\/tierpark-bern.ch\/fr\/news\/raum-fuer-genuss-das-neue-eulen-bistro-im-tierpark-bern\/","title":{"rendered":"Raum f\u00fcr Genuss &#8211; Das neue Eulen Bistro im Tierpark"},"content":{"rendered":"<div class=\"wpb-content-wrapper\"><p>[vc_row][vc_column][vc_column_text]Eine Erfolgsgeschichte geht in die n\u00e4chste Runde. Nach einer f\u00fcnfmonatigen Umbauzeit ist das Eulen Bistro im D\u00e4hlh\u00f6lzli-Zoo wieder ge\u00f6ffnet: im neuen Kleid, unter neuer F\u00fchrung, mit neuen, spannenden und \u00fcberraschenden Angeboten. Die Tierparkg\u00e4ste k\u00f6nnen sich vom Team Mund\u2019Art auf der sonnigen Terrasse nachhaltig und regional verw\u00f6hnen lassen.[\/vc_column_text][\/vc_column][\/vc_row][vc_row][vc_column width=&#8221;1\/2&#8243;][vc_single_image image=&#8221;26296&#8243; add_caption=&#8221;yes&#8221;][\/vc_column][vc_column width=&#8221;1\/2&#8243;][vc_single_image image=&#8221;26294&#8243; add_caption=&#8221;yes&#8221;][\/vc_column][\/vc_row][vc_row][vc_column][vc_column_text]Genuss im Sinn von Gaumenfreude, Nachhaltigkeit und Regionalit\u00e4t sind f\u00fcr den Tierpark keine leeren Worte. Die verwendeten Produkte kommen, wenn immer m\u00f6glich, aus der Stadt bzw. dem Kanton Bern oder werden vom kreativen Mund\u2019Art-Team selbst hergestellt. Selbstverst\u00e4ndlich geh\u00f6ren auch vegetarische und vegane Speisen zum Angebot. Auf der neu gebauten Sonnenterrasse, mit Blick \u00fcber den ganzen D\u00e4hlh\u00f6lzli-Zoo, k\u00f6nnen die Tierparkg\u00e4ste Speis und Trank geniessen.<br \/>\nNeu gibt der Tierpark gemeinsam mit Mund\u2019Art, unter der Leitung von Jakob Hostettler und Michael Hugi, einem lang gehegten Bed\u00fcrfnis Raum: Firmenanl\u00e4sse oder private Feiern im Tierpark k\u00f6nnen nun als Gesamtpacket gebucht werden. Soll es ein \u00abVielfrass\u00bb- oder \u00abZwergmaus\u00bb-Ap\u00e9ro im B\u00e4renHaus, ein \u00abSuper Schuppen\u00bb oder gar die \u00abKatze im Sack\u00bb im Vivarium sein? Mit einem Baukasten-System k\u00f6nnen die G\u00e4ste ihren Anlass aus einem vielf\u00e4ltigen kulinarischen Angebot im passenden Rahmen zusammenstellen. Zur Einstimmung erlebt die Gruppe eine spannende und faszinierende F\u00fchrung, bei welcher thematisch ebenfalls zwischen diversen Schwerpunkten gew\u00e4hlt werden kann.<\/p>\n<p>Das neue Eulen Bistro bietet sowohl unseren Tagesg\u00e4sten wie auch privaten Gruppen einen nachhaltigen Besuch, der auch nachhaltig in Erinnerung bleiben wird. Neben dem Bestreben, im Tierpark der Erholung Raum zu geben, wird auch der passende Raum geboten, das Leben mit allen Sinnen zu geniessen.[\/vc_column_text][\/vc_column][\/vc_row][vc_row][vc_column][vc_column_text]<\/p>\n<div class=\"zoo-link-info\">\n<div class=\"container\">\n<div class=\"row\">\n<div class=\"col-md-8 col-sm-12\">\n<div class=\"zoo-link-text-container\"><span class=\"zoo-link-text\">Sie m\u00f6chten mehr \u00fcber das Eulen Bistro erfahren?<\/span><\/div>\n<\/div>\n<div class=\"col-md-4 col-sm-12 zoo-link-btn-container\"><span class=\"zoo-link-btn\"><a class=\"button button-zoo-info\" href=\"https:\/\/tierpark-bern.ch\/zoobesuch\/gastronomie\/eulen-bistro\" rel=\"noopener\">Zum Eulen Bistro <i class=\"fa fa-long-arrow-right\"><\/i><\/a><\/span><\/div>\n<\/div>\n<\/div>\n<\/div>\n<p>[\/vc_column_text][\/vc_column][\/vc_row]<\/p>\n<\/div>","protected":false},"excerpt":{"rendered":"<p>Nach einer f\u00fcnfmonatigen Umbauzeit ist das Eulen Bistro im D\u00e4hlh\u00f6lzli-Zoo ab heute, 12. April 2022 wieder ge\u00f6ffnet.<\/p>\n","protected":false},"author":1,"featured_media":26290,"comment_status":"closed","ping_status":"closed","sticky":false,"template":"","format":"standard","meta":{"_acf_changed":false,"footnotes":""},"categories":[306,338],"tags":[],"zoo-type":[384],"animal-list":[],"class_list":["post-48488","post","type-post","status-publish","format-standard","has-post-thumbnail","hentry","category-allgemein","category-vergangene-projekte","zoo-type-daehlhoelzli"],"acf":[],"yoast_head":"<title>Raum f\u00fcr Genuss - Das neue Eulen Bistro im Tierpark | Tierpark Bern<\/title>\n<meta name=\"description\" content=\"Eine Erfolgsgeschichte geht in die n\u00e4chste Runde. Nach einer f\u00fcnfmonatigen Umbauzeit ist das Eulen Bistro im D\u00e4hlh\u00f6lzli-Zoo wieder ge\u00f6ffnet\" \/>\n<meta name=\"robots\" content=\"index, follow, max-snippet:-1, max-image-preview:large, max-video-preview:-1\" \/>\n<link rel=\"canonical\" href=\"https:\/\/tierpark-bern.ch\/fr\/news\/raum-fuer-genuss-das-neue-eulen-bistro-im-tierpark-bern\/\" \/>\n<meta property=\"og:locale\" content=\"fr_FR\" \/>\n<meta property=\"og:type\" content=\"article\" \/>\n<meta property=\"og:title\" content=\"Raum f\u00fcr Genuss - Das neue Eulen Bistro im Tierpark | Tierpark Bern\" \/>\n<meta property=\"og:description\" content=\"Eine Erfolgsgeschichte geht in die n\u00e4chste Runde. Nach einer f\u00fcnfmonatigen Umbauzeit ist das Eulen Bistro im D\u00e4hlh\u00f6lzli-Zoo wieder ge\u00f6ffnet\" \/>\n<meta property=\"og:url\" content=\"https:\/\/tierpark-bern.ch\/fr\/news\/raum-fuer-genuss-das-neue-eulen-bistro-im-tierpark-bern\/\" \/>\n<meta property=\"og:site_name\" content=\"Tierpark Bern\" \/>\n<meta property=\"article:publisher\" content=\"https:\/\/www.facebook.com\/tierparkbern\/\" \/>\n<meta property=\"article:published_time\" content=\"2022-04-12T11:58:50+00:00\" \/>\n<meta property=\"article:modified_time\" content=\"2024-02-17T15:18:45+00:00\" \/>\n<meta property=\"og:image\" content=\"https:\/\/tierpark-bern.ch\/web\/app\/uploads\/2020\/07\/eulen-bistro-mund-art-2.jpg\" \/>\n\t<meta property=\"og:image:width\" content=\"1500\" \/>\n\t<meta property=\"og:image:height\" content=\"998\" \/>\n\t<meta property=\"og:image:type\" content=\"image\/jpeg\" \/>\n<meta name=\"author\" content=\"Admin\" \/>\n<script type=\"application\/ld+json\" class=\"yoast-schema-graph\">{\"@context\":\"https:\/\/schema.org\",\"@graph\":[{\"@type\":\"Article\",\"@id\":\"https:\/\/tierpark-bern.ch\/fr\/news\/raum-fuer-genuss-das-neue-eulen-bistro-im-tierpark-bern\/#article\",\"isPartOf\":{\"@id\":\"https:\/\/tierpark-bern.ch\/fr\/news\/raum-fuer-genuss-das-neue-eulen-bistro-im-tierpark-bern\/\"},\"author\":{\"name\":\"Admin\",\"@id\":\"https:\/\/tierpark-bern.ch\/fr\/#\/schema\/person\/fc8c06f92d4096baa065d0e5a8a5ffd7\"},\"headline\":\"Raum f\u00fcr Genuss &#8211; Das neue Eulen Bistro im Tierpark\",\"datePublished\":\"2022-04-12T11:58:50+00:00\",\"dateModified\":\"2024-02-17T15:18:45+00:00\",\"mainEntityOfPage\":{\"@id\":\"https:\/\/tierpark-bern.ch\/fr\/news\/raum-fuer-genuss-das-neue-eulen-bistro-im-tierpark-bern\/\"},\"wordCount\":372,\"publisher\":{\"@id\":\"https:\/\/tierpark-bern.ch\/fr\/#organization\"},\"image\":{\"@id\":\"https:\/\/tierpark-bern.ch\/fr\/news\/raum-fuer-genuss-das-neue-eulen-bistro-im-tierpark-bern\/#primaryimage\"},\"thumbnailUrl\":\"https:\/\/tierpark-bern.ch\/web\/app\/uploads\/2020\/07\/eulen-bistro-mund-art-2.jpg\",\"articleSection\":[\"News\",\"Projets pass\u00e9s\"],\"inLanguage\":\"fr-FR\"},{\"@type\":\"WebPage\",\"@id\":\"https:\/\/tierpark-bern.ch\/fr\/news\/raum-fuer-genuss-das-neue-eulen-bistro-im-tierpark-bern\/\",\"url\":\"https:\/\/tierpark-bern.ch\/fr\/news\/raum-fuer-genuss-das-neue-eulen-bistro-im-tierpark-bern\/\",\"name\":\"Raum f\u00fcr Genuss - Das neue Eulen Bistro im Tierpark | Tierpark Bern\",\"isPartOf\":{\"@id\":\"https:\/\/tierpark-bern.ch\/fr\/#website\"},\"primaryImageOfPage\":{\"@id\":\"https:\/\/tierpark-bern.ch\/fr\/news\/raum-fuer-genuss-das-neue-eulen-bistro-im-tierpark-bern\/#primaryimage\"},\"image\":{\"@id\":\"https:\/\/tierpark-bern.ch\/fr\/news\/raum-fuer-genuss-das-neue-eulen-bistro-im-tierpark-bern\/#primaryimage\"},\"thumbnailUrl\":\"https:\/\/tierpark-bern.ch\/web\/app\/uploads\/2020\/07\/eulen-bistro-mund-art-2.jpg\",\"datePublished\":\"2022-04-12T11:58:50+00:00\",\"dateModified\":\"2024-02-17T15:18:45+00:00\",\"description\":\"Eine Erfolgsgeschichte geht in die n\u00e4chste Runde. Nach einer f\u00fcnfmonatigen Umbauzeit ist das Eulen Bistro im D\u00e4hlh\u00f6lzli-Zoo wieder ge\u00f6ffnet\",\"breadcrumb\":{\"@id\":\"https:\/\/tierpark-bern.ch\/fr\/news\/raum-fuer-genuss-das-neue-eulen-bistro-im-tierpark-bern\/#breadcrumb\"},\"inLanguage\":\"fr-FR\",\"potentialAction\":[{\"@type\":\"ReadAction\",\"target\":[\"https:\/\/tierpark-bern.ch\/fr\/news\/raum-fuer-genuss-das-neue-eulen-bistro-im-tierpark-bern\/\"]}]},{\"@type\":\"ImageObject\",\"inLanguage\":\"fr-FR\",\"@id\":\"https:\/\/tierpark-bern.ch\/fr\/news\/raum-fuer-genuss-das-neue-eulen-bistro-im-tierpark-bern\/#primaryimage\",\"url\":\"https:\/\/tierpark-bern.ch\/web\/app\/uploads\/2020\/07\/eulen-bistro-mund-art-2.jpg\",\"contentUrl\":\"https:\/\/tierpark-bern.ch\/web\/app\/uploads\/2020\/07\/eulen-bistro-mund-art-2.jpg\",\"width\":1500,\"height\":998,\"caption\":\"En hiver aussi, par temps ensoleill\u00e9, un endroit pour le repas de midi \u00e0 emporter. Des couvertures et des coussins seront disponibles.\"},{\"@type\":\"BreadcrumbList\",\"@id\":\"https:\/\/tierpark-bern.ch\/fr\/news\/raum-fuer-genuss-das-neue-eulen-bistro-im-tierpark-bern\/#breadcrumb\",\"itemListElement\":[{\"@type\":\"ListItem\",\"position\":1,\"name\":\"Home\",\"item\":\"https:\/\/tierpark-bern.ch\/fr\/home\/\"},{\"@type\":\"ListItem\",\"position\":2,\"name\":\"Raum f\u00fcr Genuss &#8211; Das neue Eulen Bistro im Tierpark\"}]},{\"@type\":\"WebSite\",\"@id\":\"https:\/\/tierpark-bern.ch\/fr\/#website\",\"url\":\"https:\/\/tierpark-bern.ch\/fr\/\",\"name\":\"Tierpark Bern\",\"description\":\"\",\"publisher\":{\"@id\":\"https:\/\/tierpark-bern.ch\/fr\/#organization\"},\"potentialAction\":[{\"@type\":\"SearchAction\",\"target\":{\"@type\":\"EntryPoint\",\"urlTemplate\":\"https:\/\/tierpark-bern.ch\/fr\/?s={search_term_string}\"},\"query-input\":{\"@type\":\"PropertyValueSpecification\",\"valueRequired\":true,\"valueName\":\"search_term_string\"}}],\"inLanguage\":\"fr-FR\"},{\"@type\":\"Organization\",\"@id\":\"https:\/\/tierpark-bern.ch\/fr\/#organization\",\"name\":\"Tierpark Bern | D\u00e4hlh\u00f6lzli + B\u00e4renPark\",\"alternateName\":\"Tierpark Bern\",\"url\":\"https:\/\/tierpark-bern.ch\/fr\/\",\"logo\":{\"@type\":\"ImageObject\",\"inLanguage\":\"fr-FR\",\"@id\":\"https:\/\/tierpark-bern.ch\/fr\/#\/schema\/logo\/image\/\",\"url\":\"https:\/\/tierpark-bern.ch\/web\/app\/uploads\/2024\/04\/tierpark-bern-696x696-1.jpg\",\"contentUrl\":\"https:\/\/tierpark-bern.ch\/web\/app\/uploads\/2024\/04\/tierpark-bern-696x696-1.jpg\",\"width\":696,\"height\":696,\"caption\":\"Tierpark Bern | D\u00e4hlh\u00f6lzli + B\u00e4renPark\"},\"image\":{\"@id\":\"https:\/\/tierpark-bern.ch\/fr\/#\/schema\/logo\/image\/\"},\"sameAs\":[\"https:\/\/www.facebook.com\/tierparkbern\/\",\"https:\/\/x.com\/tierparkbern\",\"https:\/\/www.instagram.com\/tierparkbern\/\"]}]}<\/script>","yoast_head_json":{"title":"Raum f\u00fcr Genuss - Das neue Eulen Bistro im Tierpark | Tierpark Bern","description":"Eine Erfolgsgeschichte geht in die n\u00e4chste Runde. Nach einer f\u00fcnfmonatigen Umbauzeit ist das Eulen Bistro im D\u00e4hlh\u00f6lzli-Zoo wieder ge\u00f6ffnet","robots":{"index":"index","follow":"follow","max-snippet":"max-snippet:-1","max-image-preview":"max-image-preview:large","max-video-preview":"max-video-preview:-1"},"canonical":"https:\/\/tierpark-bern.ch\/fr\/news\/raum-fuer-genuss-das-neue-eulen-bistro-im-tierpark-bern\/","og_locale":"fr_FR","og_type":"article","og_title":"Raum f\u00fcr Genuss - Das neue Eulen Bistro im Tierpark | Tierpark Bern","og_description":"Eine Erfolgsgeschichte geht in die n\u00e4chste Runde. Nach einer f\u00fcnfmonatigen Umbauzeit ist das Eulen Bistro im D\u00e4hlh\u00f6lzli-Zoo wieder ge\u00f6ffnet","og_url":"https:\/\/tierpark-bern.ch\/fr\/news\/raum-fuer-genuss-das-neue-eulen-bistro-im-tierpark-bern\/","og_site_name":"Tierpark Bern","article_publisher":"https:\/\/www.facebook.com\/tierparkbern\/","article_published_time":"2022-04-12T11:58:50+00:00","article_modified_time":"2024-02-17T15:18:45+00:00","og_image":[{"width":1500,"height":998,"url":"https:\/\/tierpark-bern.ch\/web\/app\/uploads\/2020\/07\/eulen-bistro-mund-art-2.jpg","type":"image\/jpeg"}],"author":"Admin","schema":{"@context":"https:\/\/schema.org","@graph":[{"@type":"Article","@id":"https:\/\/tierpark-bern.ch\/fr\/news\/raum-fuer-genuss-das-neue-eulen-bistro-im-tierpark-bern\/#article","isPartOf":{"@id":"https:\/\/tierpark-bern.ch\/fr\/news\/raum-fuer-genuss-das-neue-eulen-bistro-im-tierpark-bern\/"},"author":{"name":"Admin","@id":"https:\/\/tierpark-bern.ch\/fr\/#\/schema\/person\/fc8c06f92d4096baa065d0e5a8a5ffd7"},"headline":"Raum f\u00fcr Genuss &#8211; Das neue Eulen Bistro im Tierpark","datePublished":"2022-04-12T11:58:50+00:00","dateModified":"2024-02-17T15:18:45+00:00","mainEntityOfPage":{"@id":"https:\/\/tierpark-bern.ch\/fr\/news\/raum-fuer-genuss-das-neue-eulen-bistro-im-tierpark-bern\/"},"wordCount":372,"publisher":{"@id":"https:\/\/tierpark-bern.ch\/fr\/#organization"},"image":{"@id":"https:\/\/tierpark-bern.ch\/fr\/news\/raum-fuer-genuss-das-neue-eulen-bistro-im-tierpark-bern\/#primaryimage"},"thumbnailUrl":"https:\/\/tierpark-bern.ch\/web\/app\/uploads\/2020\/07\/eulen-bistro-mund-art-2.jpg","articleSection":["News","Projets pass\u00e9s"],"inLanguage":"fr-FR"},{"@type":"WebPage","@id":"https:\/\/tierpark-bern.ch\/fr\/news\/raum-fuer-genuss-das-neue-eulen-bistro-im-tierpark-bern\/","url":"https:\/\/tierpark-bern.ch\/fr\/news\/raum-fuer-genuss-das-neue-eulen-bistro-im-tierpark-bern\/","name":"Raum f\u00fcr Genuss - Das neue Eulen Bistro im Tierpark | Tierpark Bern","isPartOf":{"@id":"https:\/\/tierpark-bern.ch\/fr\/#website"},"primaryImageOfPage":{"@id":"https:\/\/tierpark-bern.ch\/fr\/news\/raum-fuer-genuss-das-neue-eulen-bistro-im-tierpark-bern\/#primaryimage"},"image":{"@id":"https:\/\/tierpark-bern.ch\/fr\/news\/raum-fuer-genuss-das-neue-eulen-bistro-im-tierpark-bern\/#primaryimage"},"thumbnailUrl":"https:\/\/tierpark-bern.ch\/web\/app\/uploads\/2020\/07\/eulen-bistro-mund-art-2.jpg","datePublished":"2022-04-12T11:58:50+00:00","dateModified":"2024-02-17T15:18:45+00:00","description":"Eine Erfolgsgeschichte geht in die n\u00e4chste Runde. Nach einer f\u00fcnfmonatigen Umbauzeit ist das Eulen Bistro im D\u00e4hlh\u00f6lzli-Zoo wieder ge\u00f6ffnet","breadcrumb":{"@id":"https:\/\/tierpark-bern.ch\/fr\/news\/raum-fuer-genuss-das-neue-eulen-bistro-im-tierpark-bern\/#breadcrumb"},"inLanguage":"fr-FR","potentialAction":[{"@type":"ReadAction","target":["https:\/\/tierpark-bern.ch\/fr\/news\/raum-fuer-genuss-das-neue-eulen-bistro-im-tierpark-bern\/"]}]},{"@type":"ImageObject","inLanguage":"fr-FR","@id":"https:\/\/tierpark-bern.ch\/fr\/news\/raum-fuer-genuss-das-neue-eulen-bistro-im-tierpark-bern\/#primaryimage","url":"https:\/\/tierpark-bern.ch\/web\/app\/uploads\/2020\/07\/eulen-bistro-mund-art-2.jpg","contentUrl":"https:\/\/tierpark-bern.ch\/web\/app\/uploads\/2020\/07\/eulen-bistro-mund-art-2.jpg","width":1500,"height":998,"caption":"En hiver aussi, par temps ensoleill\u00e9, un endroit pour le repas de midi \u00e0 emporter. Des couvertures et des coussins seront disponibles."},{"@type":"BreadcrumbList","@id":"https:\/\/tierpark-bern.ch\/fr\/news\/raum-fuer-genuss-das-neue-eulen-bistro-im-tierpark-bern\/#breadcrumb","itemListElement":[{"@type":"ListItem","position":1,"name":"Home","item":"https:\/\/tierpark-bern.ch\/fr\/home\/"},{"@type":"ListItem","position":2,"name":"Raum f\u00fcr Genuss &#8211; Das neue Eulen Bistro im Tierpark"}]},{"@type":"WebSite","@id":"https:\/\/tierpark-bern.ch\/fr\/#website","url":"https:\/\/tierpark-bern.ch\/fr\/","name":"Tierpark Bern","description":"","publisher":{"@id":"https:\/\/tierpark-bern.ch\/fr\/#organization"},"potentialAction":[{"@type":"SearchAction","target":{"@type":"EntryPoint","urlTemplate":"https:\/\/tierpark-bern.ch\/fr\/?s={search_term_string}"},"query-input":{"@type":"PropertyValueSpecification","valueRequired":true,"valueName":"search_term_string"}}],"inLanguage":"fr-FR"},{"@type":"Organization","@id":"https:\/\/tierpark-bern.ch\/fr\/#organization","name":"Tierpark Bern | D\u00e4hlh\u00f6lzli + B\u00e4renPark","alternateName":"Tierpark Bern","url":"https:\/\/tierpark-bern.ch\/fr\/","logo":{"@type":"ImageObject","inLanguage":"fr-FR","@id":"https:\/\/tierpark-bern.ch\/fr\/#\/schema\/logo\/image\/","url":"https:\/\/tierpark-bern.ch\/web\/app\/uploads\/2024\/04\/tierpark-bern-696x696-1.jpg","contentUrl":"https:\/\/tierpark-bern.ch\/web\/app\/uploads\/2024\/04\/tierpark-bern-696x696-1.jpg","width":696,"height":696,"caption":"Tierpark Bern | D\u00e4hlh\u00f6lzli + B\u00e4renPark"},"image":{"@id":"https:\/\/tierpark-bern.ch\/fr\/#\/schema\/logo\/image\/"},"sameAs":["https:\/\/www.facebook.com\/tierparkbern\/","https:\/\/x.com\/tierparkbern","https:\/\/www.instagram.com\/tierparkbern\/"]}]}},"_links":{"self":[{"href":"https:\/\/tierpark-bern.ch\/fr\/wp-json\/wp\/v2\/posts\/48488","targetHints":{"allow":["GET"]}}],"collection":[{"href":"https:\/\/tierpark-bern.ch\/fr\/wp-json\/wp\/v2\/posts"}],"about":[{"href":"https:\/\/tierpark-bern.ch\/fr\/wp-json\/wp\/v2\/types\/post"}],"author":[{"embeddable":true,"href":"https:\/\/tierpark-bern.ch\/fr\/wp-json\/wp\/v2\/users\/1"}],"replies":[{"embeddable":true,"href":"https:\/\/tierpark-bern.ch\/fr\/wp-json\/wp\/v2\/comments?post=48488"}],"version-history":[{"count":0,"href":"https:\/\/tierpark-bern.ch\/fr\/wp-json\/wp\/v2\/posts\/48488\/revisions"}],"wp:featuredmedia":[{"embeddable":true,"href":"https:\/\/tierpark-bern.ch\/fr\/wp-json\/wp\/v2\/media\/26290"}],"wp:attachment":[{"href":"https:\/\/tierpark-bern.ch\/fr\/wp-json\/wp\/v2\/media?parent=48488"}],"wp:term":[{"taxonomy":"category","embeddable":true,"href":"https:\/\/tierpark-bern.ch\/fr\/wp-json\/wp\/v2\/categories?post=48488"},{"taxonomy":"post_tag","embeddable":true,"href":"https:\/\/tierpark-bern.ch\/fr\/wp-json\/wp\/v2\/tags?post=48488"},{"taxonomy":"zoo-type","embeddable":true,"href":"https:\/\/tierpark-bern.ch\/fr\/wp-json\/wp\/v2\/zoo-type?post=48488"},{"taxonomy":"animal-list","embeddable":true,"href":"https:\/\/tierpark-bern.ch\/fr\/wp-json\/wp\/v2\/animal-list?post=48488"}],"curies":[{"name":"wp","href":"https:\/\/api.w.org\/{rel}","templated":true}]}}