{"id":48510,"date":"2019-04-02T13:47:23","date_gmt":"2019-04-02T11:47:23","guid":{"rendered":"https:\/\/tierpark-bern.ch\/news\/zwergseidenaeffchen-fuer-den-dschungel-von-bern\/"},"modified":"2024-02-19T14:44:39","modified_gmt":"2024-02-19T13:44:39","slug":"zwergseidenaeffchen-fuer-den-dschungel-von-bern","status":"publish","type":"post","link":"https:\/\/tierpark-bern.ch\/fr\/news\/zwergseidenaeffchen-fuer-den-dschungel-von-bern\/","title":{"rendered":"Zwergseiden\u00e4ffchen ziehen in den Dschungel von Bern ein"},"content":{"rendered":"<div class=\"wpb-content-wrapper\"><p>[vc_row][vc_column][vc_column_text]<\/p>\n<h2>Unsere neue Anlage f\u00fcr die kleinsten Affen der Welt ist fertig. Ein riesengrosses Dankesch\u00f6n an die zahlreichen Spenderinnen und Spender sowie an den Tierparkverein.<\/h2>\n<p>Die kleinsten echten Affen der Welt, die Zwergseiden\u00e4ffchen aus S\u00fcdamerika, sind ca. 100 bis 140 g leicht und maximal 23 cm lang (einschliesslich Schwanz!). Zwei davon sind nun in das Vivarium des Tierparks Bern eingezogen. Zwergseidenaffen leben in Gruppen bis zu neun Individuen zusammen und patrouillieren den ganzen Tag, auf der Suche nach Nahrung und zur Verteidigung, durch ihr Revier<\/p>\n<p>Unsere Anlage mit 46 m2 Grundfl\u00e4che und einer H\u00f6he bis sechs Meter ist grossz\u00fcgig bemessen. Sie stellt einen Ausschnitt des nat\u00fcrlichen Lebensraumes dar. Dazu geh\u00f6ren tropische B\u00e4ume &#8211; nat\u00fcrlich auch die schwarze Olive mit ihren angeblich aphrodiasischen Wirkungen &#8211; Schlingpflanzen, Bromelien und diverse Futterr\u00e4tsel. Schliesslich sollen unsere \u00c4ffchen die Berner Baumkronen erobern k\u00f6nnen. In den B\u00e4umen finden sie Schlafnester vor und k\u00f6nnen bei Bedarf auch selbst Nester anlegen. Obligat ist auch der Urwaldbach, der sich in eine Lagune ergiesst, in welchem die Schlangenhalsschildkr\u00f6ten leben. Den Hintergrund bildet eine Kunstfelslandschaft, die einen tropischen Uferabbruch darstellt und gleichzeitig die r\u00fcckw\u00e4rtige Infrastruktur beherbergt.<\/p>\n<p>Die Gesamtkosten belaufen sich auf 500\u2019000 Franken. Sie wurden zu 100 % aus Drittmitteln finanziert. Der Tierparkverein Bern stellte mit 290\u2019000 Franken den gr\u00f6ssten Batzen zur Verf\u00fcgung. Die G\u00e4ste der Benefizgala f\u00fcr die Zwergseiden\u00e4ffchen spendeten an einem Abend sagenhafte 104\u2019250 Franken. Die restlichen 105\u2019750 Franken verdanken wir den vielen Spenderinnen und Spendern zugunsten des Gabus Fonds.[\/vc_column_text][\/vc_column][\/vc_row][vc_row][vc_column width=&#8221;1\/2&#8243;][vc_single_image image=&#8221;20263&#8243; add_caption=&#8221;yes&#8221;][\/vc_column][vc_column width=&#8221;1\/2&#8243;][vc_single_image image=&#8221;23545&#8243; add_caption=&#8221;yes&#8221;][\/vc_column][\/vc_row]<\/p>\n<\/div>","protected":false},"excerpt":{"rendered":"<p>Unsere neue Anlage f\u00fcr die kleinsten Affen der Welt ist fertig. Ein riesengrosses Dankesch\u00f6n an die zahlreichen Spenderinnen und Spender!<\/p>\n","protected":false},"author":1,"featured_media":23551,"comment_status":"closed","ping_status":"closed","sticky":false,"template":"","format":"standard","meta":{"_acf_changed":false,"footnotes":""},"categories":[306,338],"tags":[],"zoo-type":[384],"animal-list":[],"class_list":["post-48510","post","type-post","status-publish","format-standard","has-post-thumbnail","hentry","category-allgemein","category-vergangene-projekte","zoo-type-daehlhoelzli"],"acf":[],"yoast_head":"<title>Zwergseiden\u00e4ffchen ziehen in den Dschungel von Bern ein | Tierpark Bern<\/title>\n<meta name=\"description\" content=\"Unsere neue Anlage f\u00fcr die kleinsten Affen der Welt ist fertig. Ein riesengrosses Dankesch\u00f6n an die zahlreichen Spenderinnen und Spender.\" \/>\n<meta name=\"robots\" content=\"index, follow, max-snippet:-1, max-image-preview:large, max-video-preview:-1\" \/>\n<link rel=\"canonical\" href=\"https:\/\/tierpark-bern.ch\/fr\/news\/zwergseidenaeffchen-fuer-den-dschungel-von-bern\/\" \/>\n<meta property=\"og:locale\" content=\"fr_FR\" \/>\n<meta property=\"og:type\" content=\"article\" \/>\n<meta property=\"og:title\" content=\"Zwergseiden\u00e4ffchen ziehen in den Dschungel von Bern ein | Tierpark Bern\" \/>\n<meta property=\"og:description\" content=\"Unsere neue Anlage f\u00fcr die kleinsten Affen der Welt ist fertig. Ein riesengrosses Dankesch\u00f6n an die zahlreichen Spenderinnen und Spender.\" \/>\n<meta property=\"og:url\" content=\"https:\/\/tierpark-bern.ch\/fr\/news\/zwergseidenaeffchen-fuer-den-dschungel-von-bern\/\" \/>\n<meta property=\"og:site_name\" content=\"Tierpark Bern\" \/>\n<meta property=\"article:publisher\" content=\"https:\/\/www.facebook.com\/tierparkbern\/\" \/>\n<meta property=\"article:published_time\" content=\"2019-04-02T11:47:23+00:00\" \/>\n<meta property=\"article:modified_time\" content=\"2024-02-19T13:44:39+00:00\" \/>\n<meta property=\"og:image\" content=\"https:\/\/tierpark-bern.ch\/web\/app\/uploads\/2022\/02\/Zwergseidenaffen-73.jpg\" \/>\n\t<meta property=\"og:image:width\" content=\"1500\" \/>\n\t<meta property=\"og:image:height\" content=\"998\" \/>\n\t<meta property=\"og:image:type\" content=\"image\/jpeg\" \/>\n<meta name=\"author\" content=\"Admin\" \/>\n<script type=\"application\/ld+json\" class=\"yoast-schema-graph\">{\"@context\":\"https:\/\/schema.org\",\"@graph\":[{\"@type\":\"Article\",\"@id\":\"https:\/\/tierpark-bern.ch\/fr\/news\/zwergseidenaeffchen-fuer-den-dschungel-von-bern\/#article\",\"isPartOf\":{\"@id\":\"https:\/\/tierpark-bern.ch\/fr\/news\/zwergseidenaeffchen-fuer-den-dschungel-von-bern\/\"},\"author\":{\"name\":\"Admin\",\"@id\":\"https:\/\/tierpark-bern.ch\/fr\/#\/schema\/person\/fc8c06f92d4096baa065d0e5a8a5ffd7\"},\"headline\":\"Zwergseiden\u00e4ffchen ziehen in den Dschungel von Bern ein\",\"datePublished\":\"2019-04-02T11:47:23+00:00\",\"dateModified\":\"2024-02-19T13:44:39+00:00\",\"mainEntityOfPage\":{\"@id\":\"https:\/\/tierpark-bern.ch\/fr\/news\/zwergseidenaeffchen-fuer-den-dschungel-von-bern\/\"},\"wordCount\":304,\"publisher\":{\"@id\":\"https:\/\/tierpark-bern.ch\/fr\/#organization\"},\"image\":{\"@id\":\"https:\/\/tierpark-bern.ch\/fr\/news\/zwergseidenaeffchen-fuer-den-dschungel-von-bern\/#primaryimage\"},\"thumbnailUrl\":\"https:\/\/tierpark-bern.ch\/web\/app\/uploads\/2022\/02\/Zwergseidenaffen-73.jpg\",\"articleSection\":[\"News\",\"Projets pass\u00e9s\"],\"inLanguage\":\"fr-FR\"},{\"@type\":\"WebPage\",\"@id\":\"https:\/\/tierpark-bern.ch\/fr\/news\/zwergseidenaeffchen-fuer-den-dschungel-von-bern\/\",\"url\":\"https:\/\/tierpark-bern.ch\/fr\/news\/zwergseidenaeffchen-fuer-den-dschungel-von-bern\/\",\"name\":\"Zwergseiden\u00e4ffchen ziehen in den Dschungel von Bern ein | Tierpark Bern\",\"isPartOf\":{\"@id\":\"https:\/\/tierpark-bern.ch\/fr\/#website\"},\"primaryImageOfPage\":{\"@id\":\"https:\/\/tierpark-bern.ch\/fr\/news\/zwergseidenaeffchen-fuer-den-dschungel-von-bern\/#primaryimage\"},\"image\":{\"@id\":\"https:\/\/tierpark-bern.ch\/fr\/news\/zwergseidenaeffchen-fuer-den-dschungel-von-bern\/#primaryimage\"},\"thumbnailUrl\":\"https:\/\/tierpark-bern.ch\/web\/app\/uploads\/2022\/02\/Zwergseidenaffen-73.jpg\",\"datePublished\":\"2019-04-02T11:47:23+00:00\",\"dateModified\":\"2024-02-19T13:44:39+00:00\",\"description\":\"Unsere neue Anlage f\u00fcr die kleinsten Affen der Welt ist fertig. Ein riesengrosses Dankesch\u00f6n an die zahlreichen Spenderinnen und Spender.\",\"breadcrumb\":{\"@id\":\"https:\/\/tierpark-bern.ch\/fr\/news\/zwergseidenaeffchen-fuer-den-dschungel-von-bern\/#breadcrumb\"},\"inLanguage\":\"fr-FR\",\"potentialAction\":[{\"@type\":\"ReadAction\",\"target\":[\"https:\/\/tierpark-bern.ch\/fr\/news\/zwergseidenaeffchen-fuer-den-dschungel-von-bern\/\"]}]},{\"@type\":\"ImageObject\",\"inLanguage\":\"fr-FR\",\"@id\":\"https:\/\/tierpark-bern.ch\/fr\/news\/zwergseidenaeffchen-fuer-den-dschungel-von-bern\/#primaryimage\",\"url\":\"https:\/\/tierpark-bern.ch\/web\/app\/uploads\/2022\/02\/Zwergseidenaffen-73.jpg\",\"contentUrl\":\"https:\/\/tierpark-bern.ch\/web\/app\/uploads\/2022\/02\/Zwergseidenaffen-73.jpg\",\"width\":1500,\"height\":998,\"caption\":\"1\"},{\"@type\":\"BreadcrumbList\",\"@id\":\"https:\/\/tierpark-bern.ch\/fr\/news\/zwergseidenaeffchen-fuer-den-dschungel-von-bern\/#breadcrumb\",\"itemListElement\":[{\"@type\":\"ListItem\",\"position\":1,\"name\":\"Home\",\"item\":\"https:\/\/tierpark-bern.ch\/fr\/home\/\"},{\"@type\":\"ListItem\",\"position\":2,\"name\":\"Zwergseiden\u00e4ffchen ziehen in den Dschungel von Bern ein\"}]},{\"@type\":\"WebSite\",\"@id\":\"https:\/\/tierpark-bern.ch\/fr\/#website\",\"url\":\"https:\/\/tierpark-bern.ch\/fr\/\",\"name\":\"Tierpark Bern\",\"description\":\"\",\"publisher\":{\"@id\":\"https:\/\/tierpark-bern.ch\/fr\/#organization\"},\"potentialAction\":[{\"@type\":\"SearchAction\",\"target\":{\"@type\":\"EntryPoint\",\"urlTemplate\":\"https:\/\/tierpark-bern.ch\/fr\/?s={search_term_string}\"},\"query-input\":{\"@type\":\"PropertyValueSpecification\",\"valueRequired\":true,\"valueName\":\"search_term_string\"}}],\"inLanguage\":\"fr-FR\"},{\"@type\":\"Organization\",\"@id\":\"https:\/\/tierpark-bern.ch\/fr\/#organization\",\"name\":\"Tierpark Bern | D\u00e4hlh\u00f6lzli + B\u00e4renPark\",\"alternateName\":\"Tierpark Bern\",\"url\":\"https:\/\/tierpark-bern.ch\/fr\/\",\"logo\":{\"@type\":\"ImageObject\",\"inLanguage\":\"fr-FR\",\"@id\":\"https:\/\/tierpark-bern.ch\/fr\/#\/schema\/logo\/image\/\",\"url\":\"https:\/\/tierpark-bern.ch\/web\/app\/uploads\/2024\/04\/tierpark-bern-696x696-1.jpg\",\"contentUrl\":\"https:\/\/tierpark-bern.ch\/web\/app\/uploads\/2024\/04\/tierpark-bern-696x696-1.jpg\",\"width\":696,\"height\":696,\"caption\":\"Tierpark Bern | D\u00e4hlh\u00f6lzli + B\u00e4renPark\"},\"image\":{\"@id\":\"https:\/\/tierpark-bern.ch\/fr\/#\/schema\/logo\/image\/\"},\"sameAs\":[\"https:\/\/www.facebook.com\/tierparkbern\/\",\"https:\/\/x.com\/tierparkbern\",\"https:\/\/www.instagram.com\/tierparkbern\/\"]}]}<\/script>","yoast_head_json":{"title":"Zwergseiden\u00e4ffchen ziehen in den Dschungel von Bern ein | Tierpark Bern","description":"Unsere neue Anlage f\u00fcr die kleinsten Affen der Welt ist fertig. Ein riesengrosses Dankesch\u00f6n an die zahlreichen Spenderinnen und Spender.","robots":{"index":"index","follow":"follow","max-snippet":"max-snippet:-1","max-image-preview":"max-image-preview:large","max-video-preview":"max-video-preview:-1"},"canonical":"https:\/\/tierpark-bern.ch\/fr\/news\/zwergseidenaeffchen-fuer-den-dschungel-von-bern\/","og_locale":"fr_FR","og_type":"article","og_title":"Zwergseiden\u00e4ffchen ziehen in den Dschungel von Bern ein | Tierpark Bern","og_description":"Unsere neue Anlage f\u00fcr die kleinsten Affen der Welt ist fertig. Ein riesengrosses Dankesch\u00f6n an die zahlreichen Spenderinnen und Spender.","og_url":"https:\/\/tierpark-bern.ch\/fr\/news\/zwergseidenaeffchen-fuer-den-dschungel-von-bern\/","og_site_name":"Tierpark Bern","article_publisher":"https:\/\/www.facebook.com\/tierparkbern\/","article_published_time":"2019-04-02T11:47:23+00:00","article_modified_time":"2024-02-19T13:44:39+00:00","og_image":[{"width":1500,"height":998,"url":"https:\/\/tierpark-bern.ch\/web\/app\/uploads\/2022\/02\/Zwergseidenaffen-73.jpg","type":"image\/jpeg"}],"author":"Admin","schema":{"@context":"https:\/\/schema.org","@graph":[{"@type":"Article","@id":"https:\/\/tierpark-bern.ch\/fr\/news\/zwergseidenaeffchen-fuer-den-dschungel-von-bern\/#article","isPartOf":{"@id":"https:\/\/tierpark-bern.ch\/fr\/news\/zwergseidenaeffchen-fuer-den-dschungel-von-bern\/"},"author":{"name":"Admin","@id":"https:\/\/tierpark-bern.ch\/fr\/#\/schema\/person\/fc8c06f92d4096baa065d0e5a8a5ffd7"},"headline":"Zwergseiden\u00e4ffchen ziehen in den Dschungel von Bern ein","datePublished":"2019-04-02T11:47:23+00:00","dateModified":"2024-02-19T13:44:39+00:00","mainEntityOfPage":{"@id":"https:\/\/tierpark-bern.ch\/fr\/news\/zwergseidenaeffchen-fuer-den-dschungel-von-bern\/"},"wordCount":304,"publisher":{"@id":"https:\/\/tierpark-bern.ch\/fr\/#organization"},"image":{"@id":"https:\/\/tierpark-bern.ch\/fr\/news\/zwergseidenaeffchen-fuer-den-dschungel-von-bern\/#primaryimage"},"thumbnailUrl":"https:\/\/tierpark-bern.ch\/web\/app\/uploads\/2022\/02\/Zwergseidenaffen-73.jpg","articleSection":["News","Projets pass\u00e9s"],"inLanguage":"fr-FR"},{"@type":"WebPage","@id":"https:\/\/tierpark-bern.ch\/fr\/news\/zwergseidenaeffchen-fuer-den-dschungel-von-bern\/","url":"https:\/\/tierpark-bern.ch\/fr\/news\/zwergseidenaeffchen-fuer-den-dschungel-von-bern\/","name":"Zwergseiden\u00e4ffchen ziehen in den Dschungel von Bern ein | Tierpark Bern","isPartOf":{"@id":"https:\/\/tierpark-bern.ch\/fr\/#website"},"primaryImageOfPage":{"@id":"https:\/\/tierpark-bern.ch\/fr\/news\/zwergseidenaeffchen-fuer-den-dschungel-von-bern\/#primaryimage"},"image":{"@id":"https:\/\/tierpark-bern.ch\/fr\/news\/zwergseidenaeffchen-fuer-den-dschungel-von-bern\/#primaryimage"},"thumbnailUrl":"https:\/\/tierpark-bern.ch\/web\/app\/uploads\/2022\/02\/Zwergseidenaffen-73.jpg","datePublished":"2019-04-02T11:47:23+00:00","dateModified":"2024-02-19T13:44:39+00:00","description":"Unsere neue Anlage f\u00fcr die kleinsten Affen der Welt ist fertig. Ein riesengrosses Dankesch\u00f6n an die zahlreichen Spenderinnen und Spender.","breadcrumb":{"@id":"https:\/\/tierpark-bern.ch\/fr\/news\/zwergseidenaeffchen-fuer-den-dschungel-von-bern\/#breadcrumb"},"inLanguage":"fr-FR","potentialAction":[{"@type":"ReadAction","target":["https:\/\/tierpark-bern.ch\/fr\/news\/zwergseidenaeffchen-fuer-den-dschungel-von-bern\/"]}]},{"@type":"ImageObject","inLanguage":"fr-FR","@id":"https:\/\/tierpark-bern.ch\/fr\/news\/zwergseidenaeffchen-fuer-den-dschungel-von-bern\/#primaryimage","url":"https:\/\/tierpark-bern.ch\/web\/app\/uploads\/2022\/02\/Zwergseidenaffen-73.jpg","contentUrl":"https:\/\/tierpark-bern.ch\/web\/app\/uploads\/2022\/02\/Zwergseidenaffen-73.jpg","width":1500,"height":998,"caption":"1"},{"@type":"BreadcrumbList","@id":"https:\/\/tierpark-bern.ch\/fr\/news\/zwergseidenaeffchen-fuer-den-dschungel-von-bern\/#breadcrumb","itemListElement":[{"@type":"ListItem","position":1,"name":"Home","item":"https:\/\/tierpark-bern.ch\/fr\/home\/"},{"@type":"ListItem","position":2,"name":"Zwergseiden\u00e4ffchen ziehen in den Dschungel von Bern ein"}]},{"@type":"WebSite","@id":"https:\/\/tierpark-bern.ch\/fr\/#website","url":"https:\/\/tierpark-bern.ch\/fr\/","name":"Tierpark Bern","description":"","publisher":{"@id":"https:\/\/tierpark-bern.ch\/fr\/#organization"},"potentialAction":[{"@type":"SearchAction","target":{"@type":"EntryPoint","urlTemplate":"https:\/\/tierpark-bern.ch\/fr\/?s={search_term_string}"},"query-input":{"@type":"PropertyValueSpecification","valueRequired":true,"valueName":"search_term_string"}}],"inLanguage":"fr-FR"},{"@type":"Organization","@id":"https:\/\/tierpark-bern.ch\/fr\/#organization","name":"Tierpark Bern | D\u00e4hlh\u00f6lzli + B\u00e4renPark","alternateName":"Tierpark Bern","url":"https:\/\/tierpark-bern.ch\/fr\/","logo":{"@type":"ImageObject","inLanguage":"fr-FR","@id":"https:\/\/tierpark-bern.ch\/fr\/#\/schema\/logo\/image\/","url":"https:\/\/tierpark-bern.ch\/web\/app\/uploads\/2024\/04\/tierpark-bern-696x696-1.jpg","contentUrl":"https:\/\/tierpark-bern.ch\/web\/app\/uploads\/2024\/04\/tierpark-bern-696x696-1.jpg","width":696,"height":696,"caption":"Tierpark Bern | D\u00e4hlh\u00f6lzli + B\u00e4renPark"},"image":{"@id":"https:\/\/tierpark-bern.ch\/fr\/#\/schema\/logo\/image\/"},"sameAs":["https:\/\/www.facebook.com\/tierparkbern\/","https:\/\/x.com\/tierparkbern","https:\/\/www.instagram.com\/tierparkbern\/"]}]}},"_links":{"self":[{"href":"https:\/\/tierpark-bern.ch\/fr\/wp-json\/wp\/v2\/posts\/48510","targetHints":{"allow":["GET"]}}],"collection":[{"href":"https:\/\/tierpark-bern.ch\/fr\/wp-json\/wp\/v2\/posts"}],"about":[{"href":"https:\/\/tierpark-bern.ch\/fr\/wp-json\/wp\/v2\/types\/post"}],"author":[{"embeddable":true,"href":"https:\/\/tierpark-bern.ch\/fr\/wp-json\/wp\/v2\/users\/1"}],"replies":[{"embeddable":true,"href":"https:\/\/tierpark-bern.ch\/fr\/wp-json\/wp\/v2\/comments?post=48510"}],"version-history":[{"count":0,"href":"https:\/\/tierpark-bern.ch\/fr\/wp-json\/wp\/v2\/posts\/48510\/revisions"}],"wp:featuredmedia":[{"embeddable":true,"href":"https:\/\/tierpark-bern.ch\/fr\/wp-json\/wp\/v2\/media\/23551"}],"wp:attachment":[{"href":"https:\/\/tierpark-bern.ch\/fr\/wp-json\/wp\/v2\/media?parent=48510"}],"wp:term":[{"taxonomy":"category","embeddable":true,"href":"https:\/\/tierpark-bern.ch\/fr\/wp-json\/wp\/v2\/categories?post=48510"},{"taxonomy":"post_tag","embeddable":true,"href":"https:\/\/tierpark-bern.ch\/fr\/wp-json\/wp\/v2\/tags?post=48510"},{"taxonomy":"zoo-type","embeddable":true,"href":"https:\/\/tierpark-bern.ch\/fr\/wp-json\/wp\/v2\/zoo-type?post=48510"},{"taxonomy":"animal-list","embeddable":true,"href":"https:\/\/tierpark-bern.ch\/fr\/wp-json\/wp\/v2\/animal-list?post=48510"}],"curies":[{"name":"wp","href":"https:\/\/api.w.org\/{rel}","templated":true}]}}