{"id":48514,"date":"2016-02-26T13:47:31","date_gmt":"2016-02-26T12:47:31","guid":{"rendered":"https:\/\/tierpark-bern.ch\/news\/neubau-der-uhu-und-schneeeulen-voliere\/"},"modified":"2024-06-07T17:06:44","modified_gmt":"2024-06-07T15:06:44","slug":"neubau-der-uhu-und-schneeeulen-voliere","status":"publish","type":"post","link":"https:\/\/tierpark-bern.ch\/fr\/news\/neubau-der-uhu-und-schneeeulen-voliere\/","title":{"rendered":"Neubau der Uhu- und Schneeeulen-Voliere"},"content":{"rendered":"<div class=\"wpb-content-wrapper\"><p>[vc_row][vc_column][vc_column_text]Ein weiteres Pioniervorhaben im Tierpark Bern ist fertiggestellt: \u201eMehr Platz f\u00fcr Uhu und Schneeeule\u201c in einer grossen, begehbaren Voliere mit vielen zus\u00e4tzlichen Erlebnism\u00f6glichkeiten f\u00fcr die G\u00e4ste. 10 m H\u00f6he auf 750 m2 Grundfl\u00e4che, Kameraeinblicke auf die Nistpl\u00e4tze und Hebeb\u00fchnen f\u00fcr neue Einblicke in das Leben von Uhu und Schneeeule und viele interaktive Informationen zu den Eulen der Schweiz f\u00fcr Gross und Klein sind die Eckwerte der neuen Anlage. Das geflochtene, schwarze Edelstahlnetz umh\u00fcllt wie ein durchsichtiger Schleier den Lebensraum der Tiere und gestattet den B\u00e4umen durch die Decke hindurch zu wachsen. Die 3,0 Mio. Franken Baukosten werden zu 100 % vom <a href=\"https:\/\/www.tierparkverein.ch\/unsere-projekte\/\" target=\"_blank\" rel=\"noopener\">Tierparkverein<\/a> und der Rudolf Seelhofer-Stiftung getragen \u2013 Vielen Dank!<\/p>\n<p>[\/vc_column_text][\/vc_column][\/vc_row][vc_row][vc_column width=&#8221;1\/2&#8243;][vc_single_image image=&#8221;73827&#8243; add_caption=&#8221;yes&#8221; css=&#8221;&#8221;][\/vc_column][vc_column width=&#8221;1\/2&#8243;][vc_single_image image=&#8221;73821&#8243; add_caption=&#8221;yes&#8221; css=&#8221;&#8221;][\/vc_column][\/vc_row][vc_row][vc_column][vc_column_text]Ein neues Erlebnis f\u00fcr Bern, eine neue Lebensqualit\u00e4t f\u00fcr Uhu und Schneeeule im Tierpark Bern \u2013 oder \u201eGut Ding will Weile haben.\u201c<\/p>\n<p>Bereits in der 2000 vom Gemeinderat genehmigten Gesamtplanung des Tierparks 2000-2015 war der Ersatz der alten Vogelanlagen, jene stammen aus den 60-er Jahren des letzten Jahrhunderts, vorgesehen und skizziert. Ende 2012 haben sich der Tierparkverein Bern und die Rudolf Seelhofer-Stiftung bereit erkl\u00e4rt, dieses Projekt zu finanzieren und die Bauausf\u00fchrung zu \u00fcbernehmen. Nach der vertraglichen Regelung mit der Stadt und der Burgergemeinde Bern, letztere ist Grundeigent\u00fcmerin und f\u00fcr den Wald verantwortlich, \u00fcbernahm der Tierpark die Leitung des Vorprojekts, in das alle Anspr\u00fcche von Uhu, Schneeeule, Wald, G\u00e4sten und Tierpflegenden einflossen. Nach der Genehmigung dieses Vorprojektes Ende 2013 wurde die Bauausf\u00fchrung in die H\u00e4nde des Projektleiters Benedict Seelhofer \u00fcbergeben.<\/p>\n<p>Welche Aufgabe hatten der Tierparkverein und die Rudolf Seelhofer-Stiftung aber \u00fcbernommen? Guy Emmenegger, der damalige Leiter der Stadtbauten Bern hat es treffend beschrieben: \u201eEine grosse Vogelvoliere zu realisieren ist keine allt\u00e4gliche Bauaufgabe. Netztragewerk im Wald zu platzieren und dabei bestehende B\u00e4ume als Elemente zu integrieren, ist als Pioniervorhaben zu bezeichnen\u201c.<\/p>\n<p>Am 21. Juli 2015, nach Erledigung aller Formalien wie Baugenehmigung, Ausschreibungen, Berechnungen, Materialproben und Farbauswahlen, erfolgte der Spatenstich. Bereits nach weniger als sieben Monaten Bauzeit k\u00f6nnen wir heute die Voliere den G\u00e4sten \u00fcbergeben. Uhu und Schneeeule haben sie bereits im Januar bezogen und offensichtlich f\u00fcr gut befunden.<\/p>\n<p>Die \u201eEckpfeiler\u201c der Grossvoliere mit separaten Teilen f\u00fcr Uhu und Schneeeule seien nachfolgend kurz umrissen. Es ist eine Voliere von 10 m H\u00f6he und 750 m2 Fl\u00e4che, die sich in den umgebenden Wald einf\u00fcgt und deshalb auch B\u00e4ume des Waldes integriert. Diese B\u00e4ume durchstossen das Dach und wachsen weiter. Die H\u00fclle besteht aus schwarzem Edelstahlgeflecht. Beides zusammen garantiert maximale Transparenz. Innerhalb des Flugraumes gibt es keinerlei Querverspannungen oder sonstige k\u00fcnstliche Hindernis-se f\u00fcr den Vogelflug. Der Lebensraum f\u00fcr den Uhu, Wald und Felsen, schliesst sich an den Lebensraum der Schneeeule, die karge Tundra mit Bachlauf, an. Im zentralen Felsen sind die Zug\u00e4nge zu den Anlagen, zur Kameratechnik sowie zu den Bruth\u00f6hlen integriert. Die G\u00e4ste wandeln durch einen Tunnel und erleben die V\u00f6gel in ihrem Lebensraum. F\u00fcr einen besonderen Blick auf die Tiere und ihren Lebensraum sind zwei Lifte in diesen Tunnel integriert. Diese erlauben allen, trotz nur einem Meter Hubh\u00f6he, eine neue Wahrnehmung. Kameras erlauben einen direkten Blick auf die hoffentlich schon bald belegten Nistpl\u00e4tze. Die Bepflanzung der Lebensr\u00e4ume ist jahreszeitbedingt noch ein wenig karg. Dies wird sich sicher bis zum Herbst deutlich \u00e4ndern. Fertig gestellt ist die ganze zus\u00e4tzliche Information \u00fcber die Eulen der Schweiz und deren Lebensweisen.<\/p>\n<p>\u201eIch habe Hochachtung vor der handwerklichen Leistung mit den tausenden von Netzverkn\u00fcpfungen, die alle von Hand erfolgten. Danach musste ich einfach dabei sein, als die V\u00f6gel ihr neues Zuhause bezogen \u2013 und sie f\u00fchlen sich offensichtlich wohl!\u201c So l\u00e4sst sich Erika Siegenthaler, Pr\u00e4sidentin des Tierparkvereins Bern, zitieren. Die Kosten von 3,0 Mio. Franken \u00fcbernehmen der Tierparkverein und die Rudolf Seelhofer-Stiftung vollst\u00e4ndig. Und das Fazit von Benedict Seelhofer, Projektleiter, lautet ganz einfach: \u201eIch liebe den Tierpark und seine Tiere. Es war fordernd und anspruchsvoll, eine einzigartige Voliere zu bauen \u2013 es ist uns gelungen. Ich w\u00fcnsche allen viele Erlebnisse mit Uhu und Schneeeule\u201c.[\/vc_column_text][\/vc_column][\/vc_row][vc_row][vc_column width=&#8221;1\/2&#8243;][vc_single_image image=&#8221;20221&#8243; add_caption=&#8221;yes&#8221;][\/vc_column][vc_column width=&#8221;1\/2&#8243;][vc_single_image image=&#8221;20644&#8243; add_caption=&#8221;yes&#8221;][\/vc_column][\/vc_row][vc_row][vc_column][vc_column_text]Fakten zur neuen, begehbaren Voliere f\u00fcr Uhu und Schneeeule:<\/p>\n<ul>\n<li>H\u00f6he 10 m<\/li>\n<li>Grundfl\u00e4che 750 m2<\/li>\n<li>1&#8217;110 m3 Aushub, Abbruch, R\u00fcckbaubeton<\/li>\n<li>480 Baggerstunden<\/li>\n<li>42 Fundamente f\u00fcr die Trages\u00e4ulen des Geflechts<\/li>\n<li>823 m3 Konstruktionsbeton<\/li>\n<li>3&#8217;365 Stunden Baumeisterarbeiten<\/li>\n<li>Masstoleranz f\u00fcr den Baumeister: 10 mm horizontal, 5 mm vertikal<\/li>\n<li>7&#8217;000 kg Gewicht Netzgeflecht, Edelstahl, schwarz, geflochten<\/li>\n<li>1&#8217;900 m2 Netzfl\u00e4che<\/li>\n<li>1&#8217;700 m Netzrand<\/li>\n<li>675&#8217;000 Geflechtknoten<\/li>\n<li>25&#8217;000 Anbindestellen Geflecht an Trageseile (Handarbeit!)<\/li>\n<\/ul>\n<p>[\/vc_column_text][\/vc_column][\/vc_row]<\/p>\n<\/div>","protected":false},"excerpt":{"rendered":"<p>Ein weiteres Pioniervorhaben im Tierpark Bern ist fertiggestellt: \u201eMehr Platz f\u00fcr Uhu und Schneeeule\u201c in einer grossen, begehbaren Voliere.<\/p>\n","protected":false},"author":1,"featured_media":25238,"comment_status":"closed","ping_status":"closed","sticky":false,"template":"","format":"standard","meta":{"_acf_changed":false,"footnotes":""},"categories":[306,338],"tags":[],"zoo-type":[384],"animal-list":[],"class_list":["post-48514","post","type-post","status-publish","format-standard","has-post-thumbnail","hentry","category-allgemein","category-vergangene-projekte","zoo-type-daehlhoelzli"],"acf":[],"yoast_head":"<title>Neubau der Uhu- und Schneeeulen-Voliere | Tierpark Bern<\/title>\n<meta name=\"description\" content=\"Ein weiteres Pioniervorhaben im Tierpark Bern ist fertiggestellt: \u201eMehr Platz f\u00fcr Uhu und Schneeeule\u201c in einer grossen, begehbaren Voliere.\" \/>\n<meta name=\"robots\" content=\"index, follow, max-snippet:-1, max-image-preview:large, max-video-preview:-1\" \/>\n<link rel=\"canonical\" href=\"https:\/\/tierpark-bern.ch\/fr\/news\/neubau-der-uhu-und-schneeeulen-voliere\/\" \/>\n<meta property=\"og:locale\" content=\"fr_FR\" \/>\n<meta property=\"og:type\" content=\"article\" \/>\n<meta property=\"og:title\" content=\"Neubau der Uhu- und Schneeeulen-Voliere | Tierpark Bern\" \/>\n<meta property=\"og:description\" content=\"Ein weiteres Pioniervorhaben im Tierpark Bern ist fertiggestellt: \u201eMehr Platz f\u00fcr Uhu und Schneeeule\u201c in einer grossen, begehbaren Voliere.\" \/>\n<meta property=\"og:url\" content=\"https:\/\/tierpark-bern.ch\/fr\/news\/neubau-der-uhu-und-schneeeulen-voliere\/\" \/>\n<meta property=\"og:site_name\" content=\"Tierpark Bern\" \/>\n<meta property=\"article:publisher\" content=\"https:\/\/www.facebook.com\/tierparkbern\/\" \/>\n<meta property=\"article:published_time\" content=\"2016-02-26T12:47:31+00:00\" \/>\n<meta property=\"article:modified_time\" content=\"2024-06-07T15:06:44+00:00\" \/>\n<meta property=\"og:image\" content=\"https:\/\/tierpark-bern.ch\/web\/app\/uploads\/2022\/03\/uhu-tierpark-bern.jpg\" \/>\n\t<meta property=\"og:image:width\" content=\"1500\" \/>\n\t<meta property=\"og:image:height\" content=\"998\" \/>\n\t<meta property=\"og:image:type\" content=\"image\/jpeg\" \/>\n<meta name=\"author\" content=\"Admin\" \/>\n<script type=\"application\/ld+json\" class=\"yoast-schema-graph\">{\"@context\":\"https:\/\/schema.org\",\"@graph\":[{\"@type\":\"Article\",\"@id\":\"https:\/\/tierpark-bern.ch\/fr\/news\/neubau-der-uhu-und-schneeeulen-voliere\/#article\",\"isPartOf\":{\"@id\":\"https:\/\/tierpark-bern.ch\/fr\/news\/neubau-der-uhu-und-schneeeulen-voliere\/\"},\"author\":{\"name\":\"Admin\",\"@id\":\"https:\/\/tierpark-bern.ch\/fr\/#\/schema\/person\/fc8c06f92d4096baa065d0e5a8a5ffd7\"},\"headline\":\"Neubau der Uhu- und Schneeeulen-Voliere\",\"datePublished\":\"2016-02-26T12:47:31+00:00\",\"dateModified\":\"2024-06-07T15:06:44+00:00\",\"mainEntityOfPage\":{\"@id\":\"https:\/\/tierpark-bern.ch\/fr\/news\/neubau-der-uhu-und-schneeeulen-voliere\/\"},\"wordCount\":839,\"publisher\":{\"@id\":\"https:\/\/tierpark-bern.ch\/fr\/#organization\"},\"image\":{\"@id\":\"https:\/\/tierpark-bern.ch\/fr\/news\/neubau-der-uhu-und-schneeeulen-voliere\/#primaryimage\"},\"thumbnailUrl\":\"https:\/\/tierpark-bern.ch\/web\/app\/uploads\/2022\/03\/uhu-tierpark-bern.jpg\",\"articleSection\":[\"News\",\"Projets pass\u00e9s\"],\"inLanguage\":\"fr-FR\"},{\"@type\":\"WebPage\",\"@id\":\"https:\/\/tierpark-bern.ch\/fr\/news\/neubau-der-uhu-und-schneeeulen-voliere\/\",\"url\":\"https:\/\/tierpark-bern.ch\/fr\/news\/neubau-der-uhu-und-schneeeulen-voliere\/\",\"name\":\"Neubau der Uhu- und Schneeeulen-Voliere | Tierpark Bern\",\"isPartOf\":{\"@id\":\"https:\/\/tierpark-bern.ch\/fr\/#website\"},\"primaryImageOfPage\":{\"@id\":\"https:\/\/tierpark-bern.ch\/fr\/news\/neubau-der-uhu-und-schneeeulen-voliere\/#primaryimage\"},\"image\":{\"@id\":\"https:\/\/tierpark-bern.ch\/fr\/news\/neubau-der-uhu-und-schneeeulen-voliere\/#primaryimage\"},\"thumbnailUrl\":\"https:\/\/tierpark-bern.ch\/web\/app\/uploads\/2022\/03\/uhu-tierpark-bern.jpg\",\"datePublished\":\"2016-02-26T12:47:31+00:00\",\"dateModified\":\"2024-06-07T15:06:44+00:00\",\"description\":\"Ein weiteres Pioniervorhaben im Tierpark Bern ist fertiggestellt: \u201eMehr Platz f\u00fcr Uhu und Schneeeule\u201c in einer grossen, begehbaren Voliere.\",\"breadcrumb\":{\"@id\":\"https:\/\/tierpark-bern.ch\/fr\/news\/neubau-der-uhu-und-schneeeulen-voliere\/#breadcrumb\"},\"inLanguage\":\"fr-FR\",\"potentialAction\":[{\"@type\":\"ReadAction\",\"target\":[\"https:\/\/tierpark-bern.ch\/fr\/news\/neubau-der-uhu-und-schneeeulen-voliere\/\"]}]},{\"@type\":\"ImageObject\",\"inLanguage\":\"fr-FR\",\"@id\":\"https:\/\/tierpark-bern.ch\/fr\/news\/neubau-der-uhu-und-schneeeulen-voliere\/#primaryimage\",\"url\":\"https:\/\/tierpark-bern.ch\/web\/app\/uploads\/2022\/03\/uhu-tierpark-bern.jpg\",\"contentUrl\":\"https:\/\/tierpark-bern.ch\/web\/app\/uploads\/2022\/03\/uhu-tierpark-bern.jpg\",\"width\":1500,\"height\":998,\"caption\":\"Mehr Lebensqualit\u00e4t f\u00fcr Uhu und Schneeeule im Tierpark Bern\"},{\"@type\":\"BreadcrumbList\",\"@id\":\"https:\/\/tierpark-bern.ch\/fr\/news\/neubau-der-uhu-und-schneeeulen-voliere\/#breadcrumb\",\"itemListElement\":[{\"@type\":\"ListItem\",\"position\":1,\"name\":\"Home\",\"item\":\"https:\/\/tierpark-bern.ch\/fr\/home\/\"},{\"@type\":\"ListItem\",\"position\":2,\"name\":\"Neubau der Uhu- und Schneeeulen-Voliere\"}]},{\"@type\":\"WebSite\",\"@id\":\"https:\/\/tierpark-bern.ch\/fr\/#website\",\"url\":\"https:\/\/tierpark-bern.ch\/fr\/\",\"name\":\"Tierpark Bern\",\"description\":\"\",\"publisher\":{\"@id\":\"https:\/\/tierpark-bern.ch\/fr\/#organization\"},\"potentialAction\":[{\"@type\":\"SearchAction\",\"target\":{\"@type\":\"EntryPoint\",\"urlTemplate\":\"https:\/\/tierpark-bern.ch\/fr\/?s={search_term_string}\"},\"query-input\":{\"@type\":\"PropertyValueSpecification\",\"valueRequired\":true,\"valueName\":\"search_term_string\"}}],\"inLanguage\":\"fr-FR\"},{\"@type\":\"Organization\",\"@id\":\"https:\/\/tierpark-bern.ch\/fr\/#organization\",\"name\":\"Tierpark Bern | D\u00e4hlh\u00f6lzli + B\u00e4renPark\",\"alternateName\":\"Tierpark Bern\",\"url\":\"https:\/\/tierpark-bern.ch\/fr\/\",\"logo\":{\"@type\":\"ImageObject\",\"inLanguage\":\"fr-FR\",\"@id\":\"https:\/\/tierpark-bern.ch\/fr\/#\/schema\/logo\/image\/\",\"url\":\"https:\/\/tierpark-bern.ch\/web\/app\/uploads\/2024\/04\/tierpark-bern-696x696-1.jpg\",\"contentUrl\":\"https:\/\/tierpark-bern.ch\/web\/app\/uploads\/2024\/04\/tierpark-bern-696x696-1.jpg\",\"width\":696,\"height\":696,\"caption\":\"Tierpark Bern | D\u00e4hlh\u00f6lzli + B\u00e4renPark\"},\"image\":{\"@id\":\"https:\/\/tierpark-bern.ch\/fr\/#\/schema\/logo\/image\/\"},\"sameAs\":[\"https:\/\/www.facebook.com\/tierparkbern\/\",\"https:\/\/x.com\/tierparkbern\",\"https:\/\/www.instagram.com\/tierparkbern\/\"]}]}<\/script>","yoast_head_json":{"title":"Neubau der Uhu- und Schneeeulen-Voliere | Tierpark Bern","description":"Ein weiteres Pioniervorhaben im Tierpark Bern ist fertiggestellt: \u201eMehr Platz f\u00fcr Uhu und Schneeeule\u201c in einer grossen, begehbaren Voliere.","robots":{"index":"index","follow":"follow","max-snippet":"max-snippet:-1","max-image-preview":"max-image-preview:large","max-video-preview":"max-video-preview:-1"},"canonical":"https:\/\/tierpark-bern.ch\/fr\/news\/neubau-der-uhu-und-schneeeulen-voliere\/","og_locale":"fr_FR","og_type":"article","og_title":"Neubau der Uhu- und Schneeeulen-Voliere | Tierpark Bern","og_description":"Ein weiteres Pioniervorhaben im Tierpark Bern ist fertiggestellt: \u201eMehr Platz f\u00fcr Uhu und Schneeeule\u201c in einer grossen, begehbaren Voliere.","og_url":"https:\/\/tierpark-bern.ch\/fr\/news\/neubau-der-uhu-und-schneeeulen-voliere\/","og_site_name":"Tierpark Bern","article_publisher":"https:\/\/www.facebook.com\/tierparkbern\/","article_published_time":"2016-02-26T12:47:31+00:00","article_modified_time":"2024-06-07T15:06:44+00:00","og_image":[{"width":1500,"height":998,"url":"https:\/\/tierpark-bern.ch\/web\/app\/uploads\/2022\/03\/uhu-tierpark-bern.jpg","type":"image\/jpeg"}],"author":"Admin","schema":{"@context":"https:\/\/schema.org","@graph":[{"@type":"Article","@id":"https:\/\/tierpark-bern.ch\/fr\/news\/neubau-der-uhu-und-schneeeulen-voliere\/#article","isPartOf":{"@id":"https:\/\/tierpark-bern.ch\/fr\/news\/neubau-der-uhu-und-schneeeulen-voliere\/"},"author":{"name":"Admin","@id":"https:\/\/tierpark-bern.ch\/fr\/#\/schema\/person\/fc8c06f92d4096baa065d0e5a8a5ffd7"},"headline":"Neubau der Uhu- und Schneeeulen-Voliere","datePublished":"2016-02-26T12:47:31+00:00","dateModified":"2024-06-07T15:06:44+00:00","mainEntityOfPage":{"@id":"https:\/\/tierpark-bern.ch\/fr\/news\/neubau-der-uhu-und-schneeeulen-voliere\/"},"wordCount":839,"publisher":{"@id":"https:\/\/tierpark-bern.ch\/fr\/#organization"},"image":{"@id":"https:\/\/tierpark-bern.ch\/fr\/news\/neubau-der-uhu-und-schneeeulen-voliere\/#primaryimage"},"thumbnailUrl":"https:\/\/tierpark-bern.ch\/web\/app\/uploads\/2022\/03\/uhu-tierpark-bern.jpg","articleSection":["News","Projets pass\u00e9s"],"inLanguage":"fr-FR"},{"@type":"WebPage","@id":"https:\/\/tierpark-bern.ch\/fr\/news\/neubau-der-uhu-und-schneeeulen-voliere\/","url":"https:\/\/tierpark-bern.ch\/fr\/news\/neubau-der-uhu-und-schneeeulen-voliere\/","name":"Neubau der Uhu- und Schneeeulen-Voliere | Tierpark Bern","isPartOf":{"@id":"https:\/\/tierpark-bern.ch\/fr\/#website"},"primaryImageOfPage":{"@id":"https:\/\/tierpark-bern.ch\/fr\/news\/neubau-der-uhu-und-schneeeulen-voliere\/#primaryimage"},"image":{"@id":"https:\/\/tierpark-bern.ch\/fr\/news\/neubau-der-uhu-und-schneeeulen-voliere\/#primaryimage"},"thumbnailUrl":"https:\/\/tierpark-bern.ch\/web\/app\/uploads\/2022\/03\/uhu-tierpark-bern.jpg","datePublished":"2016-02-26T12:47:31+00:00","dateModified":"2024-06-07T15:06:44+00:00","description":"Ein weiteres Pioniervorhaben im Tierpark Bern ist fertiggestellt: \u201eMehr Platz f\u00fcr Uhu und Schneeeule\u201c in einer grossen, begehbaren Voliere.","breadcrumb":{"@id":"https:\/\/tierpark-bern.ch\/fr\/news\/neubau-der-uhu-und-schneeeulen-voliere\/#breadcrumb"},"inLanguage":"fr-FR","potentialAction":[{"@type":"ReadAction","target":["https:\/\/tierpark-bern.ch\/fr\/news\/neubau-der-uhu-und-schneeeulen-voliere\/"]}]},{"@type":"ImageObject","inLanguage":"fr-FR","@id":"https:\/\/tierpark-bern.ch\/fr\/news\/neubau-der-uhu-und-schneeeulen-voliere\/#primaryimage","url":"https:\/\/tierpark-bern.ch\/web\/app\/uploads\/2022\/03\/uhu-tierpark-bern.jpg","contentUrl":"https:\/\/tierpark-bern.ch\/web\/app\/uploads\/2022\/03\/uhu-tierpark-bern.jpg","width":1500,"height":998,"caption":"Mehr Lebensqualit\u00e4t f\u00fcr Uhu und Schneeeule im Tierpark Bern"},{"@type":"BreadcrumbList","@id":"https:\/\/tierpark-bern.ch\/fr\/news\/neubau-der-uhu-und-schneeeulen-voliere\/#breadcrumb","itemListElement":[{"@type":"ListItem","position":1,"name":"Home","item":"https:\/\/tierpark-bern.ch\/fr\/home\/"},{"@type":"ListItem","position":2,"name":"Neubau der Uhu- und Schneeeulen-Voliere"}]},{"@type":"WebSite","@id":"https:\/\/tierpark-bern.ch\/fr\/#website","url":"https:\/\/tierpark-bern.ch\/fr\/","name":"Tierpark Bern","description":"","publisher":{"@id":"https:\/\/tierpark-bern.ch\/fr\/#organization"},"potentialAction":[{"@type":"SearchAction","target":{"@type":"EntryPoint","urlTemplate":"https:\/\/tierpark-bern.ch\/fr\/?s={search_term_string}"},"query-input":{"@type":"PropertyValueSpecification","valueRequired":true,"valueName":"search_term_string"}}],"inLanguage":"fr-FR"},{"@type":"Organization","@id":"https:\/\/tierpark-bern.ch\/fr\/#organization","name":"Tierpark Bern | D\u00e4hlh\u00f6lzli + B\u00e4renPark","alternateName":"Tierpark Bern","url":"https:\/\/tierpark-bern.ch\/fr\/","logo":{"@type":"ImageObject","inLanguage":"fr-FR","@id":"https:\/\/tierpark-bern.ch\/fr\/#\/schema\/logo\/image\/","url":"https:\/\/tierpark-bern.ch\/web\/app\/uploads\/2024\/04\/tierpark-bern-696x696-1.jpg","contentUrl":"https:\/\/tierpark-bern.ch\/web\/app\/uploads\/2024\/04\/tierpark-bern-696x696-1.jpg","width":696,"height":696,"caption":"Tierpark Bern | D\u00e4hlh\u00f6lzli + B\u00e4renPark"},"image":{"@id":"https:\/\/tierpark-bern.ch\/fr\/#\/schema\/logo\/image\/"},"sameAs":["https:\/\/www.facebook.com\/tierparkbern\/","https:\/\/x.com\/tierparkbern","https:\/\/www.instagram.com\/tierparkbern\/"]}]}},"_links":{"self":[{"href":"https:\/\/tierpark-bern.ch\/fr\/wp-json\/wp\/v2\/posts\/48514","targetHints":{"allow":["GET"]}}],"collection":[{"href":"https:\/\/tierpark-bern.ch\/fr\/wp-json\/wp\/v2\/posts"}],"about":[{"href":"https:\/\/tierpark-bern.ch\/fr\/wp-json\/wp\/v2\/types\/post"}],"author":[{"embeddable":true,"href":"https:\/\/tierpark-bern.ch\/fr\/wp-json\/wp\/v2\/users\/1"}],"replies":[{"embeddable":true,"href":"https:\/\/tierpark-bern.ch\/fr\/wp-json\/wp\/v2\/comments?post=48514"}],"version-history":[{"count":0,"href":"https:\/\/tierpark-bern.ch\/fr\/wp-json\/wp\/v2\/posts\/48514\/revisions"}],"wp:featuredmedia":[{"embeddable":true,"href":"https:\/\/tierpark-bern.ch\/fr\/wp-json\/wp\/v2\/media\/25238"}],"wp:attachment":[{"href":"https:\/\/tierpark-bern.ch\/fr\/wp-json\/wp\/v2\/media?parent=48514"}],"wp:term":[{"taxonomy":"category","embeddable":true,"href":"https:\/\/tierpark-bern.ch\/fr\/wp-json\/wp\/v2\/categories?post=48514"},{"taxonomy":"post_tag","embeddable":true,"href":"https:\/\/tierpark-bern.ch\/fr\/wp-json\/wp\/v2\/tags?post=48514"},{"taxonomy":"zoo-type","embeddable":true,"href":"https:\/\/tierpark-bern.ch\/fr\/wp-json\/wp\/v2\/zoo-type?post=48514"},{"taxonomy":"animal-list","embeddable":true,"href":"https:\/\/tierpark-bern.ch\/fr\/wp-json\/wp\/v2\/animal-list?post=48514"}],"curies":[{"name":"wp","href":"https:\/\/api.w.org\/{rel}","templated":true}]}}