{"id":61244,"date":"2024-01-16T13:55:12","date_gmt":"2024-01-16T12:55:12","guid":{"rendered":"https:\/\/tierpark-bern.ch\/news\/bienenfresser-anlage-fuer-vogelzug-und-artenschutz\/"},"modified":"2025-09-02T20:01:07","modified_gmt":"2025-09-02T18:01:07","slug":"bienenfresser-anlage-fuer-vogelzug-und-artenschutz","status":"publish","type":"post","link":"https:\/\/tierpark-bern.ch\/fr\/news\/bienenfresser-anlage-fuer-vogelzug-und-artenschutz\/","title":{"rendered":"Wir bauen eine Anlage f\u00fcr Bienenfresser!"},"content":{"rendered":"<div class=\"wpb-content-wrapper\"><p>[vc_row][vc_column][vc_column_text]<\/p>\n<h1>Ein farbenfroher Vogel erh\u00e4lt Einzug<\/h1>\n<p>Anstatt der in die Jahre gekommenen Anlagen Urwaldvoliere und S\u00e4belschn\u00e4bler entstehen eine neue Aussenanlage f\u00fcr die warme Jahreszeit \/ Brutzeit und eine Innenanlage f\u00fcr die kalte Jahreszeit: Im Innenbereich entsteht ein Einblick in die afrikanische Savanne, aussen wird das Biotop der Schweizer Steppe nachgeahmt, welche kaum jemand kennt. Und wer wird in die neue Anlage z\u00fcgeln?[\/vc_column_text][\/vc_column][\/vc_row][vc_row][vc_column width=&#8221;1\/2&#8243;][vc_single_image image=&#8221;62731&#8243; green_bar=&#8221;yes&#8221; add_custom_caption_class=&#8221;yes&#8221;][\/vc_column][vc_column width=&#8221;1\/2&#8243;][vc_single_image image=&#8221;62737&#8243; green_bar=&#8221;yes&#8221; add_custom_caption_class=&#8221;yes&#8221;][\/vc_column][\/vc_row][vc_row][vc_column][vc_empty_space][\/vc_column][\/vc_row][vc_row][vc_column][vc_column_text]<\/p>\n<h2>Ein seltener Schweizer Singvogel: der Bienenfresser<\/h2>\n<p>Der hochattraktive Bienenfresser (<em>Merops apiaster<\/em>) ist der einzige europ\u00e4ische Vertreter einer weitgehend auf die Tropen und Subtropen der Alten Welt beschr\u00e4nkten Familie. Er ist ein seltener Zugvogel der Schweiz, sein Gef\u00e4hrdungsstatus ist nach der Roten Liste des BAFU verletzlich. Diese Art wird in nur wenigen Zoos gehalten und erfolgreich gez\u00fcchtet, der Tierpark wird sich mit seinem Expertenwissen und in Kooperation mit EAZA und den Pfyn\u2013Finges Naturpark der Herausforderung stellen.<\/p>\n<p>Die Aussenvoliere (182 m\u00b2) soll dem Besucher zum einen Einblick in die spannende Brutbiologie der V\u00f6gel geben, zum anderen aber auch die Tiere in ihrem eigentlichen Lebensraum erlebbar machen. Die Voliere werden sich die Bienenfresser vielleicht auch mit anderen einheimischen Singv\u00f6geln teilen. Der Fokus liegt klar auf der Haltung seltener Schweizer Arten, welche f\u00fcr den Artenschutz relevant sind.[\/vc_column_text][\/vc_column][\/vc_row][vc_row][vc_column width=&#8221;1\/2&#8243;][vc_single_image image=&#8221;62722&#8243; green_bar=&#8221;yes&#8221; add_custom_caption_class=&#8221;yes&#8221;][\/vc_column][vc_column width=&#8221;1\/2&#8243;][vc_single_image image=&#8221;62719&#8243; green_bar=&#8221;yes&#8221; add_custom_caption_class=&#8221;yes&#8221;][\/vc_column][\/vc_row][vc_row][vc_column][vc_empty_space][\/vc_column][\/vc_row][vc_row][vc_column][vc_column_text]<\/p>\n<h2>Im Winter geht es nach Afrika<\/h2>\n<p>Im Winter migrieren die Bienenfresser \u00abin den S\u00fcden\u00bb, sprich in die grossz\u00fcgige Innenvoliere, die mit ihren 100 m2 einen Lebensraum in Afrika darstellen wird. Auch unsere Termiten werden dort Einzug erhalten und hoffentlich einen neuen Termitenh\u00fcgel bauen. Die Innenvoliere bleibt begehbar und erlaubt so ein \u2018hautnahes\u2019 Erlebnis mit der afrikanischen Natur.[\/vc_column_text][\/vc_column][\/vc_row][vc_row][vc_column][vc_column_text]<\/p>\n<h2>Nahrung des Bienenfressers<\/h2>\n<p>Bienenfresser ern\u00e4hren sich vor allem von gr\u00f6sseren fliegenden Insekten wie Bienen, Heuschrecken oder Libellen, die in der Luft gefangen werden.[\/vc_column_text][vc_column_text]<\/p>\n<div style=\"width: 1280px;\" class=\"wp-video\"><video class=\"wp-video-shortcode\" id=\"video-61244-1\" width=\"1280\" height=\"720\" poster=\"https:\/\/tierpark-bern.ch\/web\/app\/uploads\/2023\/10\/bienenfresser-video-vorschau-2023-min.jpg\" loop preload=\"metadata\" controls=\"controls\"><source type=\"video\/mp4\" src=\"https:\/\/tierpark-bern.ch\/web\/app\/uploads\/2023\/10\/bienenfresser-tierpark-bern.mp4?_=1\" \/><a href=\"https:\/\/tierpark-bern.ch\/web\/app\/uploads\/2023\/10\/bienenfresser-tierpark-bern.mp4\">https:\/\/tierpark-bern.ch\/web\/app\/uploads\/2023\/10\/bienenfresser-tierpark-bern.mp4<\/a><\/video><\/div>\n<p>[\/vc_column_text][\/vc_column][\/vc_row][vc_row][vc_column][vc_empty_space][\/vc_column][\/vc_row][vc_row][vc_column][vc_column_text]<\/p>\n<h2>Die neue Bienenfresser-Anlage entsteht ganz nach dem unserem Motto \u00abMehr Raum f\u00fcr Vielfalt\u00bb!<\/h2>\n<p>[\/vc_column_text][\/vc_column][\/vc_row][vc_row][vc_column width=&#8221;1\/2&#8243;][vc_single_image image=&#8221;61128&#8243; equal_height_img_class=&#8221;yes&#8221; green_bar=&#8221;yes&#8221; add_custom_caption_class=&#8221;yes&#8221;][vc_column_text]Modell der Bienenfresseranlage im Tierpark Bern[\/vc_column_text][\/vc_column][vc_column width=&#8221;1\/2&#8243;][vc_single_image image=&#8221;61119&#8243; equal_height_img_class=&#8221;yes&#8221; green_bar=&#8221;yes&#8221; add_custom_caption_class=&#8221;yes&#8221;][\/vc_column][\/vc_row][vc_row][vc_column][vc_empty_space height=&#8221;22px&#8221;][\/vc_column][\/vc_row][vc_row][vc_column][vc_column_text]<\/p>\n<h2>M\u00f6chten Sie den Bau dieser spannenden neuen Anlage unterst\u00fctzen? Spenden Sie jetzt sicher und schnell mit TWINT!<\/h2>\n<p>[\/vc_column_text][vc_single_image image=&#8221;62976&#8243; img_size=&#8221;full&#8221; el_class=&#8221;mobile-hide&#8221;][vc_column_text]<a class=\"button button--tierpark\" href=\"https:\/\/donate.raisenow.io\/qctgy\" target=\"_blank\" rel=\"noopener\">Mit TWINT spenden<\/a>[\/vc_column_text][\/vc_column][\/vc_row][vc_row][vc_column][vc_column_text css=&#8221;.vc_custom_1698387192621{margin-bottom: 0px !important;}&#8221;]<\/p>\n<h2>Vielen Dank f\u00fcr Ihre Unterst\u00fctzung!<\/h2>\n<p>[\/vc_column_text][\/vc_column][\/vc_row][vc_row][vc_column][vc_empty_space][\/vc_column][\/vc_row][vc_row][vc_column][vc_column_text]<div class=\"news-gallery\">\n        \n<style>\n.hybgl-carousel-61244-1 .hybgl-prl1-double-bounce1,\n.hybgl-carousel-61244-1 .hybgl-prl1-double-bounce2,\n.hybgl-carousel-61244-1 .hybgl-prl2-spinner,\n.hybgl-carousel-61244-1 .hybgl-prl3-spinner > div,\n.hybgl-carousel-61244-1 .hybgl-prl4-sk-folding-cube .hybgl-prl4-sk-cube:before,\n.hybgl-carousel-61244-1 .hybgl-prl5-cube1, .hybgl-prl5-cube2,\n.hybgl-carousel-61244-1 .hybgl-prl6-dot1, .hybgl-prl6-dot2,\n.hybgl-carousel-61244-1 .hybgl-prl7-spinner > div,\n.hybgl-carousel-61244-1 .hybgl-prl8-sk-circle .hybgl-prl8-sk-child:before,\n.hybgl-carousel-61244-1 .hybgl-prl9-sk-cube-grid .hybgl-prl9-sk-cube,\n.hybgl-carousel-61244-1 .hybgl-prl10-pacman>div:nth-child(3),\n.hybgl-carousel-61244-1 .hybgl-prl10-pacman>div:nth-child(4),\n.hybgl-carousel-61244-1 .hybgl-prl10-pacman>div:nth-child(5),\n.hybgl-carousel-61244-1 .hybgl-prl10-pacman>div:nth-child(6),\n.hybgl-carousel-61244-1.hybgl-style-1 .hybgl-button i,\n.hybgl-carousel-61244-1.hybgl-style-1 .hybgl-item-meta,\n.hybgl-carousel-61244-1.hybgl-style-3 .hybgl-item-inner:before {\n    background: #006558;\n}\n\n.hybgl-carousel-61244-1 li .hybgl-dot-bullet,\n.hybgl-carousel-61244-1.hybgl-style-2.hybgl-buttons-show .hybgl-item-inner:before {\n    background: #006558;\n    background: rgba(0,101,88,0.5);\n}\n\n.hybgl-carousel-61244-1 .hybgl-prl10-pacman>div:first-of-type,\n.hybgl-carousel-61244-1 .hybgl-prl10-pacman>div:nth-child(2) {\n    border-top-color: #006558;\n    border-left-color: #006558;\n    border-bottom-color: #006558;\n}\n\n.hybgl-carousel-61244-1 .hybgl-navigation span,\n.hybgl-carousel-61244-1.hybgl-style-2.hybgl-click-action-lb-link .hybgl-button i:hover,\n.hybgl-carousel-61244-1.hybgl-style-3 .hybgl-button i {\n    color: #006558;\n}\n<\/style>\n\n<!-- Start Hybrid Gallery --><div class=\"hybgl-box hybgl-mode-carousel hybgl-size-equal hybgl-lightbox hybgl-lightbox-lib-mp hybgl-click-action-lb hybgl-style-1 hybgl-buttons-show hybgl-with-meta hybgl-extra-animation hybgl-carousel-61244-1 hybgl-clearfix\" data-id=\"61244\" data-selector=\"hybgl-carousel-61244-1\" data-size=\"equal\" data-ratio=\"3-2\" data-cols=\"1\" data-gap=\"1\" data-centermode=\"false\" data-nav=\"true\" data-dots=\"false\" data-lightbox=\"mp\" data-style=\"1\" data-animation=\"bounceIn\" data-loader-delay=\"300\" data-design=\"{#w_vl#:#100#,#w_un#:#pc#,#align#:#none#}\" data-res=\"{#1024#:{#w#:#auto#,#w_vl#:#100#,#w_un#:#pc#,#cols#:#auto#,#align#:#auto#},#800#:{#w#:#auto#,#w_vl#:#100#,#w_un#:#pc#,#cols#:#auto#,#align#:#auto#},#768#:{#w#:#auto#,#w_vl#:#100#,#w_un#:#pc#,#cols#:#auto#,#align#:#auto#},#668#:{#w#:#auto#,#w_vl#:#100#,#w_un#:#pc#,#cols#:#auto#,#align#:#auto#},#480#:{#w#:#auto#,#w_vl#:#100#,#w_un#:#pc#,#cols#:#auto#,#align#:#auto#}}\"><div class=\"hybgl-loader hybgl-loader-center hybgl-clearfix hybgl-prl1-bounce-loader\"><div class=\"hybgl-prl1-spinner\"><div class=\"hybgl-prl1-double-bounce1\"><\/div><div class=\"hybgl-prl1-double-bounce2\"><\/div><\/div><\/div><div class=\"hybgl-wrapper hybgl-clearfix\"><div class=\"hybgl-container\"><div class=\"hybgl-container-inner\"><div class=\"hybgl-item\" data-w=\"1499\" data-h=\"1001\"><div class=\"hybgl-item-wrapper\"><div class=\"hybgl-item-overlay\"><div class=\"hybgl-item-overlay-inner\"><div class=\"hybgl-item-inner\" style=\"background-image:url(https:\/\/tierpark-bern.ch\/web\/app\/uploads\/2023\/09\/Bienenfresseranlage-Modell-Tierpark-Bern-00006-min-min-1280x855.jpg);\"><\/div><\/div><\/div><a class=\"hybgl-button hybgl-button-action-zoom hybgl-button-style-full hybgl-button-style-icon mfp-image\" href=\"https:\/\/tierpark-bern.ch\/web\/app\/uploads\/2023\/09\/Bienenfresseranlage-Modell-Tierpark-Bern-00006-min-min.jpg\" aria-label=\"Nahaufnahme vom Modell der Bienenfresseranlage\" data-descr=\"\"><i class=\"fa fa-search-plus\"><\/i><\/a><\/div><\/div><div class=\"hybgl-item\" data-w=\"1824\" data-h=\"1368\"><div class=\"hybgl-item-wrapper\"><div class=\"hybgl-item-overlay\"><div class=\"hybgl-item-overlay-inner\"><div class=\"hybgl-item-inner\" style=\"background-image:url(https:\/\/tierpark-bern.ch\/web\/app\/uploads\/2023\/09\/Bienenfresser-anlage-tierpark-bern-25345-1280x960.jpg);\"><\/div><\/div><\/div><a class=\"hybgl-button hybgl-button-action-zoom hybgl-button-style-full hybgl-button-style-icon mfp-image\" href=\"https:\/\/tierpark-bern.ch\/web\/app\/uploads\/2023\/09\/Bienenfresser-anlage-tierpark-bern-25345.jpg\" aria-label=\"Nahaufnahme vom Modell der Bienenfresseranlage\" data-descr=\"\"><i class=\"fa fa-search-plus\"><\/i><\/a><\/div><\/div><div class=\"hybgl-item\" data-w=\"1499\" data-h=\"1001\"><div class=\"hybgl-item-wrapper\"><div class=\"hybgl-item-overlay\"><div class=\"hybgl-item-overlay-inner\"><div class=\"hybgl-item-inner\" style=\"background-image:url(https:\/\/tierpark-bern.ch\/web\/app\/uploads\/2023\/09\/Bienenfresseranlage-Modell-Tierpark-Bern-00003-min-min-1280x855.jpg);\"><\/div><\/div><\/div><a class=\"hybgl-button hybgl-button-action-zoom hybgl-button-style-full hybgl-button-style-icon mfp-image\" href=\"https:\/\/tierpark-bern.ch\/web\/app\/uploads\/2023\/09\/Bienenfresseranlage-Modell-Tierpark-Bern-00003-min-min.jpg\" aria-label=\"Nahaufnahme vom Modell der Bienenfresseranlage\" data-descr=\"\"><i class=\"fa fa-search-plus\"><\/i><\/a><\/div><\/div><div class=\"hybgl-item\" data-w=\"1499\" data-h=\"1001\"><div class=\"hybgl-item-wrapper\"><div class=\"hybgl-item-overlay\"><div class=\"hybgl-item-overlay-inner\"><div class=\"hybgl-item-inner\" style=\"background-image:url(https:\/\/tierpark-bern.ch\/web\/app\/uploads\/2023\/09\/Bienenfresseranlage-Modell-Tierpark-Bern-00002-min-min-1280x855.jpg);\"><\/div><\/div><\/div><a class=\"hybgl-button hybgl-button-action-zoom hybgl-button-style-full hybgl-button-style-icon mfp-image\" href=\"https:\/\/tierpark-bern.ch\/web\/app\/uploads\/2023\/09\/Bienenfresseranlage-Modell-Tierpark-Bern-00002-min-min.jpg\" aria-label=\"Nahaufnahme vom Modell der Bienenfresseranlage\" data-descr=\"\"><i class=\"fa fa-search-plus\"><\/i><\/a><\/div><\/div><\/div><div class=\"hybgl-navigation hybgl-clearfix\"><span class=\"hybgl-arrows-left\"><i class=\"fa fa-chevron-left\"><\/i><\/span><span class=\"hybgl-arrows-right\"><i class=\"fa fa-chevron-right\"><\/i><\/span><\/div><\/div><\/div><\/div><!-- End Hybrid Gallery --><\/div>[\/vc_column_text][\/vc_column][\/vc_row][vc_row][vc_column][vc_column_text]<a class=\"button button--tierpark\" href=\"https:\/\/tierpark-bern.ch\/news\/baufortschritt-bienenfresser-anlage-bern\/\">Zum Baufortschritt der Bienenfresser-Anlage<\/a>[\/vc_column_text][\/vc_column][\/vc_row]<\/p>\n<\/div>","protected":false},"excerpt":{"rendered":"<p>Die neue Bienenfresser-Anlage im Tierpark Bern entsteht ganz nach dem neuen Motto \u00abMehr Raum f\u00fcr Vielfalt\u00bb!<\/p>\n","protected":false},"author":1,"featured_media":62749,"comment_status":"closed","ping_status":"closed","sticky":false,"template":"","format":"standard","meta":{"_acf_changed":false,"footnotes":""},"categories":[306],"tags":[],"zoo-type":[384],"animal-list":[],"class_list":["post-61244","post","type-post","status-publish","format-standard","has-post-thumbnail","hentry","category-allgemein","zoo-type-daehlhoelzli"],"acf":[],"yoast_head":"<title>Wir bauen eine Anlage f\u00fcr Bienenfresser! | Tierpark Bern<\/title>\n<meta name=\"description\" content=\"Die neue Bienenfresser-Anlage im Tierpark Bern entsteht ganz nach dem neuen Motto \u00abMehr Raum f\u00fcr Vielfalt\u00bb!\" \/>\n<meta name=\"robots\" content=\"index, follow, max-snippet:-1, max-image-preview:large, max-video-preview:-1\" \/>\n<link rel=\"canonical\" href=\"https:\/\/tierpark-bern.ch\/fr\/news\/bienenfresser-anlage-fuer-vogelzug-und-artenschutz\/\" \/>\n<meta property=\"og:locale\" content=\"fr_FR\" \/>\n<meta property=\"og:type\" content=\"article\" \/>\n<meta property=\"og:title\" content=\"Wir bauen eine Anlage f\u00fcr Bienenfresser! | Tierpark Bern\" \/>\n<meta property=\"og:description\" content=\"Die neue Bienenfresser-Anlage im Tierpark Bern entsteht ganz nach dem neuen Motto \u00abMehr Raum f\u00fcr Vielfalt\u00bb!\" \/>\n<meta property=\"og:url\" content=\"https:\/\/tierpark-bern.ch\/fr\/news\/bienenfresser-anlage-fuer-vogelzug-und-artenschutz\/\" \/>\n<meta property=\"og:site_name\" content=\"Tierpark Bern\" \/>\n<meta property=\"article:publisher\" content=\"https:\/\/www.facebook.com\/tierparkbern\/\" \/>\n<meta property=\"article:published_time\" content=\"2024-01-16T12:55:12+00:00\" \/>\n<meta property=\"article:modified_time\" content=\"2025-09-02T18:01:07+00:00\" \/>\n<meta property=\"og:image\" content=\"https:\/\/tierpark-bern.ch\/web\/app\/uploads\/2023\/10\/tierpark-Europaeischer-Bienenesser-Merops-apiaster-00005-min.jpg\" \/>\n\t<meta property=\"og:image:width\" content=\"1499\" \/>\n\t<meta property=\"og:image:height\" content=\"1000\" \/>\n\t<meta property=\"og:image:type\" content=\"image\/jpeg\" \/>\n<meta name=\"author\" content=\"Admin\" \/>\n<script type=\"application\/ld+json\" class=\"yoast-schema-graph\">{\"@context\":\"https:\/\/schema.org\",\"@graph\":[{\"@type\":\"Article\",\"@id\":\"https:\/\/tierpark-bern.ch\/fr\/news\/bienenfresser-anlage-fuer-vogelzug-und-artenschutz\/#article\",\"isPartOf\":{\"@id\":\"https:\/\/tierpark-bern.ch\/fr\/news\/bienenfresser-anlage-fuer-vogelzug-und-artenschutz\/\"},\"author\":{\"name\":\"Admin\",\"@id\":\"https:\/\/tierpark-bern.ch\/fr\/#\/schema\/person\/fc8c06f92d4096baa065d0e5a8a5ffd7\"},\"headline\":\"Wir bauen eine Anlage f\u00fcr Bienenfresser!\",\"datePublished\":\"2024-01-16T12:55:12+00:00\",\"dateModified\":\"2025-09-02T18:01:07+00:00\",\"mainEntityOfPage\":{\"@id\":\"https:\/\/tierpark-bern.ch\/fr\/news\/bienenfresser-anlage-fuer-vogelzug-und-artenschutz\/\"},\"wordCount\":717,\"publisher\":{\"@id\":\"https:\/\/tierpark-bern.ch\/fr\/#organization\"},\"image\":{\"@id\":\"https:\/\/tierpark-bern.ch\/fr\/news\/bienenfresser-anlage-fuer-vogelzug-und-artenschutz\/#primaryimage\"},\"thumbnailUrl\":\"https:\/\/tierpark-bern.ch\/web\/app\/uploads\/2023\/10\/tierpark-Europaeischer-Bienenesser-Merops-apiaster-00005-min.jpg\",\"articleSection\":[\"News\"],\"inLanguage\":\"fr-FR\"},{\"@type\":\"WebPage\",\"@id\":\"https:\/\/tierpark-bern.ch\/fr\/news\/bienenfresser-anlage-fuer-vogelzug-und-artenschutz\/\",\"url\":\"https:\/\/tierpark-bern.ch\/fr\/news\/bienenfresser-anlage-fuer-vogelzug-und-artenschutz\/\",\"name\":\"Wir bauen eine Anlage f\u00fcr Bienenfresser! | Tierpark Bern\",\"isPartOf\":{\"@id\":\"https:\/\/tierpark-bern.ch\/fr\/#website\"},\"primaryImageOfPage\":{\"@id\":\"https:\/\/tierpark-bern.ch\/fr\/news\/bienenfresser-anlage-fuer-vogelzug-und-artenschutz\/#primaryimage\"},\"image\":{\"@id\":\"https:\/\/tierpark-bern.ch\/fr\/news\/bienenfresser-anlage-fuer-vogelzug-und-artenschutz\/#primaryimage\"},\"thumbnailUrl\":\"https:\/\/tierpark-bern.ch\/web\/app\/uploads\/2023\/10\/tierpark-Europaeischer-Bienenesser-Merops-apiaster-00005-min.jpg\",\"datePublished\":\"2024-01-16T12:55:12+00:00\",\"dateModified\":\"2025-09-02T18:01:07+00:00\",\"description\":\"Die neue Bienenfresser-Anlage im Tierpark Bern entsteht ganz nach dem neuen Motto \u00abMehr Raum f\u00fcr Vielfalt\u00bb!\",\"breadcrumb\":{\"@id\":\"https:\/\/tierpark-bern.ch\/fr\/news\/bienenfresser-anlage-fuer-vogelzug-und-artenschutz\/#breadcrumb\"},\"inLanguage\":\"fr-FR\",\"potentialAction\":[{\"@type\":\"ReadAction\",\"target\":[\"https:\/\/tierpark-bern.ch\/fr\/news\/bienenfresser-anlage-fuer-vogelzug-und-artenschutz\/\"]}]},{\"@type\":\"ImageObject\",\"inLanguage\":\"fr-FR\",\"@id\":\"https:\/\/tierpark-bern.ch\/fr\/news\/bienenfresser-anlage-fuer-vogelzug-und-artenschutz\/#primaryimage\",\"url\":\"https:\/\/tierpark-bern.ch\/web\/app\/uploads\/2023\/10\/tierpark-Europaeischer-Bienenesser-Merops-apiaster-00005-min.jpg\",\"contentUrl\":\"https:\/\/tierpark-bern.ch\/web\/app\/uploads\/2023\/10\/tierpark-Europaeischer-Bienenesser-Merops-apiaster-00005-min.jpg\",\"width\":1499,\"height\":1000,\"caption\":\"Nahaufnahme von einem Bienenfresser\"},{\"@type\":\"BreadcrumbList\",\"@id\":\"https:\/\/tierpark-bern.ch\/fr\/news\/bienenfresser-anlage-fuer-vogelzug-und-artenschutz\/#breadcrumb\",\"itemListElement\":[{\"@type\":\"ListItem\",\"position\":1,\"name\":\"Home\",\"item\":\"https:\/\/tierpark-bern.ch\/fr\/home\/\"},{\"@type\":\"ListItem\",\"position\":2,\"name\":\"Wir bauen eine Anlage f\u00fcr Bienenfresser!\"}]},{\"@type\":\"WebSite\",\"@id\":\"https:\/\/tierpark-bern.ch\/fr\/#website\",\"url\":\"https:\/\/tierpark-bern.ch\/fr\/\",\"name\":\"Tierpark Bern\",\"description\":\"\",\"publisher\":{\"@id\":\"https:\/\/tierpark-bern.ch\/fr\/#organization\"},\"potentialAction\":[{\"@type\":\"SearchAction\",\"target\":{\"@type\":\"EntryPoint\",\"urlTemplate\":\"https:\/\/tierpark-bern.ch\/fr\/?s={search_term_string}\"},\"query-input\":{\"@type\":\"PropertyValueSpecification\",\"valueRequired\":true,\"valueName\":\"search_term_string\"}}],\"inLanguage\":\"fr-FR\"},{\"@type\":\"Organization\",\"@id\":\"https:\/\/tierpark-bern.ch\/fr\/#organization\",\"name\":\"Tierpark Bern | D\u00e4hlh\u00f6lzli + B\u00e4renPark\",\"alternateName\":\"Tierpark Bern\",\"url\":\"https:\/\/tierpark-bern.ch\/fr\/\",\"logo\":{\"@type\":\"ImageObject\",\"inLanguage\":\"fr-FR\",\"@id\":\"https:\/\/tierpark-bern.ch\/fr\/#\/schema\/logo\/image\/\",\"url\":\"https:\/\/tierpark-bern.ch\/web\/app\/uploads\/2024\/04\/tierpark-bern-696x696-1.jpg\",\"contentUrl\":\"https:\/\/tierpark-bern.ch\/web\/app\/uploads\/2024\/04\/tierpark-bern-696x696-1.jpg\",\"width\":696,\"height\":696,\"caption\":\"Tierpark Bern | D\u00e4hlh\u00f6lzli + B\u00e4renPark\"},\"image\":{\"@id\":\"https:\/\/tierpark-bern.ch\/fr\/#\/schema\/logo\/image\/\"},\"sameAs\":[\"https:\/\/www.facebook.com\/tierparkbern\/\",\"https:\/\/x.com\/tierparkbern\",\"https:\/\/www.instagram.com\/tierparkbern\/\"]}]}<\/script>","yoast_head_json":{"title":"Wir bauen eine Anlage f\u00fcr Bienenfresser! | Tierpark Bern","description":"Die neue Bienenfresser-Anlage im Tierpark Bern entsteht ganz nach dem neuen Motto \u00abMehr Raum f\u00fcr Vielfalt\u00bb!","robots":{"index":"index","follow":"follow","max-snippet":"max-snippet:-1","max-image-preview":"max-image-preview:large","max-video-preview":"max-video-preview:-1"},"canonical":"https:\/\/tierpark-bern.ch\/fr\/news\/bienenfresser-anlage-fuer-vogelzug-und-artenschutz\/","og_locale":"fr_FR","og_type":"article","og_title":"Wir bauen eine Anlage f\u00fcr Bienenfresser! | Tierpark Bern","og_description":"Die neue Bienenfresser-Anlage im Tierpark Bern entsteht ganz nach dem neuen Motto \u00abMehr Raum f\u00fcr Vielfalt\u00bb!","og_url":"https:\/\/tierpark-bern.ch\/fr\/news\/bienenfresser-anlage-fuer-vogelzug-und-artenschutz\/","og_site_name":"Tierpark Bern","article_publisher":"https:\/\/www.facebook.com\/tierparkbern\/","article_published_time":"2024-01-16T12:55:12+00:00","article_modified_time":"2025-09-02T18:01:07+00:00","og_image":[{"width":1499,"height":1000,"url":"https:\/\/tierpark-bern.ch\/web\/app\/uploads\/2023\/10\/tierpark-Europaeischer-Bienenesser-Merops-apiaster-00005-min.jpg","type":"image\/jpeg"}],"author":"Admin","schema":{"@context":"https:\/\/schema.org","@graph":[{"@type":"Article","@id":"https:\/\/tierpark-bern.ch\/fr\/news\/bienenfresser-anlage-fuer-vogelzug-und-artenschutz\/#article","isPartOf":{"@id":"https:\/\/tierpark-bern.ch\/fr\/news\/bienenfresser-anlage-fuer-vogelzug-und-artenschutz\/"},"author":{"name":"Admin","@id":"https:\/\/tierpark-bern.ch\/fr\/#\/schema\/person\/fc8c06f92d4096baa065d0e5a8a5ffd7"},"headline":"Wir bauen eine Anlage f\u00fcr Bienenfresser!","datePublished":"2024-01-16T12:55:12+00:00","dateModified":"2025-09-02T18:01:07+00:00","mainEntityOfPage":{"@id":"https:\/\/tierpark-bern.ch\/fr\/news\/bienenfresser-anlage-fuer-vogelzug-und-artenschutz\/"},"wordCount":717,"publisher":{"@id":"https:\/\/tierpark-bern.ch\/fr\/#organization"},"image":{"@id":"https:\/\/tierpark-bern.ch\/fr\/news\/bienenfresser-anlage-fuer-vogelzug-und-artenschutz\/#primaryimage"},"thumbnailUrl":"https:\/\/tierpark-bern.ch\/web\/app\/uploads\/2023\/10\/tierpark-Europaeischer-Bienenesser-Merops-apiaster-00005-min.jpg","articleSection":["News"],"inLanguage":"fr-FR"},{"@type":"WebPage","@id":"https:\/\/tierpark-bern.ch\/fr\/news\/bienenfresser-anlage-fuer-vogelzug-und-artenschutz\/","url":"https:\/\/tierpark-bern.ch\/fr\/news\/bienenfresser-anlage-fuer-vogelzug-und-artenschutz\/","name":"Wir bauen eine Anlage f\u00fcr Bienenfresser! | Tierpark Bern","isPartOf":{"@id":"https:\/\/tierpark-bern.ch\/fr\/#website"},"primaryImageOfPage":{"@id":"https:\/\/tierpark-bern.ch\/fr\/news\/bienenfresser-anlage-fuer-vogelzug-und-artenschutz\/#primaryimage"},"image":{"@id":"https:\/\/tierpark-bern.ch\/fr\/news\/bienenfresser-anlage-fuer-vogelzug-und-artenschutz\/#primaryimage"},"thumbnailUrl":"https:\/\/tierpark-bern.ch\/web\/app\/uploads\/2023\/10\/tierpark-Europaeischer-Bienenesser-Merops-apiaster-00005-min.jpg","datePublished":"2024-01-16T12:55:12+00:00","dateModified":"2025-09-02T18:01:07+00:00","description":"Die neue Bienenfresser-Anlage im Tierpark Bern entsteht ganz nach dem neuen Motto \u00abMehr Raum f\u00fcr Vielfalt\u00bb!","breadcrumb":{"@id":"https:\/\/tierpark-bern.ch\/fr\/news\/bienenfresser-anlage-fuer-vogelzug-und-artenschutz\/#breadcrumb"},"inLanguage":"fr-FR","potentialAction":[{"@type":"ReadAction","target":["https:\/\/tierpark-bern.ch\/fr\/news\/bienenfresser-anlage-fuer-vogelzug-und-artenschutz\/"]}]},{"@type":"ImageObject","inLanguage":"fr-FR","@id":"https:\/\/tierpark-bern.ch\/fr\/news\/bienenfresser-anlage-fuer-vogelzug-und-artenschutz\/#primaryimage","url":"https:\/\/tierpark-bern.ch\/web\/app\/uploads\/2023\/10\/tierpark-Europaeischer-Bienenesser-Merops-apiaster-00005-min.jpg","contentUrl":"https:\/\/tierpark-bern.ch\/web\/app\/uploads\/2023\/10\/tierpark-Europaeischer-Bienenesser-Merops-apiaster-00005-min.jpg","width":1499,"height":1000,"caption":"Nahaufnahme von einem Bienenfresser"},{"@type":"BreadcrumbList","@id":"https:\/\/tierpark-bern.ch\/fr\/news\/bienenfresser-anlage-fuer-vogelzug-und-artenschutz\/#breadcrumb","itemListElement":[{"@type":"ListItem","position":1,"name":"Home","item":"https:\/\/tierpark-bern.ch\/fr\/home\/"},{"@type":"ListItem","position":2,"name":"Wir bauen eine Anlage f\u00fcr Bienenfresser!"}]},{"@type":"WebSite","@id":"https:\/\/tierpark-bern.ch\/fr\/#website","url":"https:\/\/tierpark-bern.ch\/fr\/","name":"Tierpark Bern","description":"","publisher":{"@id":"https:\/\/tierpark-bern.ch\/fr\/#organization"},"potentialAction":[{"@type":"SearchAction","target":{"@type":"EntryPoint","urlTemplate":"https:\/\/tierpark-bern.ch\/fr\/?s={search_term_string}"},"query-input":{"@type":"PropertyValueSpecification","valueRequired":true,"valueName":"search_term_string"}}],"inLanguage":"fr-FR"},{"@type":"Organization","@id":"https:\/\/tierpark-bern.ch\/fr\/#organization","name":"Tierpark Bern | D\u00e4hlh\u00f6lzli + B\u00e4renPark","alternateName":"Tierpark Bern","url":"https:\/\/tierpark-bern.ch\/fr\/","logo":{"@type":"ImageObject","inLanguage":"fr-FR","@id":"https:\/\/tierpark-bern.ch\/fr\/#\/schema\/logo\/image\/","url":"https:\/\/tierpark-bern.ch\/web\/app\/uploads\/2024\/04\/tierpark-bern-696x696-1.jpg","contentUrl":"https:\/\/tierpark-bern.ch\/web\/app\/uploads\/2024\/04\/tierpark-bern-696x696-1.jpg","width":696,"height":696,"caption":"Tierpark Bern | D\u00e4hlh\u00f6lzli + B\u00e4renPark"},"image":{"@id":"https:\/\/tierpark-bern.ch\/fr\/#\/schema\/logo\/image\/"},"sameAs":["https:\/\/www.facebook.com\/tierparkbern\/","https:\/\/x.com\/tierparkbern","https:\/\/www.instagram.com\/tierparkbern\/"]}]}},"_links":{"self":[{"href":"https:\/\/tierpark-bern.ch\/fr\/wp-json\/wp\/v2\/posts\/61244","targetHints":{"allow":["GET"]}}],"collection":[{"href":"https:\/\/tierpark-bern.ch\/fr\/wp-json\/wp\/v2\/posts"}],"about":[{"href":"https:\/\/tierpark-bern.ch\/fr\/wp-json\/wp\/v2\/types\/post"}],"author":[{"embeddable":true,"href":"https:\/\/tierpark-bern.ch\/fr\/wp-json\/wp\/v2\/users\/1"}],"replies":[{"embeddable":true,"href":"https:\/\/tierpark-bern.ch\/fr\/wp-json\/wp\/v2\/comments?post=61244"}],"version-history":[{"count":0,"href":"https:\/\/tierpark-bern.ch\/fr\/wp-json\/wp\/v2\/posts\/61244\/revisions"}],"wp:featuredmedia":[{"embeddable":true,"href":"https:\/\/tierpark-bern.ch\/fr\/wp-json\/wp\/v2\/media\/62749"}],"wp:attachment":[{"href":"https:\/\/tierpark-bern.ch\/fr\/wp-json\/wp\/v2\/media?parent=61244"}],"wp:term":[{"taxonomy":"category","embeddable":true,"href":"https:\/\/tierpark-bern.ch\/fr\/wp-json\/wp\/v2\/categories?post=61244"},{"taxonomy":"post_tag","embeddable":true,"href":"https:\/\/tierpark-bern.ch\/fr\/wp-json\/wp\/v2\/tags?post=61244"},{"taxonomy":"zoo-type","embeddable":true,"href":"https:\/\/tierpark-bern.ch\/fr\/wp-json\/wp\/v2\/zoo-type?post=61244"},{"taxonomy":"animal-list","embeddable":true,"href":"https:\/\/tierpark-bern.ch\/fr\/wp-json\/wp\/v2\/animal-list?post=61244"}],"curies":[{"name":"wp","href":"https:\/\/api.w.org\/{rel}","templated":true}]}}