{"id":73579,"date":"2024-06-05T12:54:31","date_gmt":"2024-06-05T10:54:31","guid":{"rendered":"https:\/\/tierpark-bern.ch\/news\/neuigkeiten-aus-der-elchwelt\/"},"modified":"2024-06-06T14:48:09","modified_gmt":"2024-06-06T12:48:09","slug":"neuigkeiten-aus-der-elchwelt","status":"publish","type":"post","link":"https:\/\/tierpark-bern.ch\/fr\/news\/neuigkeiten-aus-der-elchwelt\/","title":{"rendered":"Neuigkeiten aus der Elchwelt!"},"content":{"rendered":"<div class=\"wpb-content-wrapper\"><p>[vc_row][vc_column][vc_column_text css=&#8221;&#8221;]<\/p>\n<h2>Neuigkeiten aus der Elchwelt!<\/h2>\n<p>Nach einer Tragzeit von circa 8 Monaten wurden am 12. Mai 2024 im Tierpark Bern Elchk\u00e4lber geboren. Bereits wenige Minuten nach der Geburt versuchen die K\u00e4lber aufzustehen; nach etwa 20 Minuten folgen sie der Mutter. Wie alle S\u00e4ugetiere trinken die Jungen anfangs ausschliesslich fettreiche Muttermilch \u2013 zwischen eineinhalb und drei Litern pro Tag! Bereits mit zwei bis drei Wochen fressen sie dann auch erste pflanzliche Nahrung.<\/p>\n<p>Nach der Geburt ben\u00f6tigt die Mutterkuh noch Ruhe. Aus diesem Grund verbrachten Mutter und Jungtiere die ersten Wochen im hinteren Bereich der Anlage. Die junge Elchkuh hatte bei ihrem 2. Wurf sogar Drillinge geworfen, doch eines der drei Jungtiere war lebensschwach und musste euthanasiert\u00a0werden. Es ist ziemlich ungew\u00f6hnlich, dass eine Elchkuh Drillinge zur Welt bringt \u2013 laut einer Studie aus Finnland nur unter 1\u00a0%.<\/p>\n<p>Seit dem 4. Juni 2024 kann man das hochbeinige und langohrige Elch-Duo im D\u00e4hlh\u00f6lzli-Zoo erleben. Ein Besuch lohnt sich![\/vc_column_text][\/vc_column][\/vc_row]<\/p>\n<\/div>","protected":false},"excerpt":{"rendered":"<p>Nach einer Tragzeit von circa 8 Monaten wurden am 12. Mai 2024 im Tierpark Bern Elchk\u00e4lber geboren<\/p>\n","protected":false},"author":1,"featured_media":73500,"comment_status":"closed","ping_status":"closed","sticky":false,"template":"","format":"standard","meta":{"_acf_changed":false,"footnotes":""},"categories":[334],"tags":[692],"zoo-type":[384],"animal-list":[706],"class_list":["post-73579","post","type-post","status-publish","format-standard","has-post-thumbnail","hentry","category-jungtiere","tag-elan","zoo-type-daehlhoelzli","animal-list-elch-fr"],"acf":[],"yoast_head":"<title>Neuigkeiten aus der Elchwelt! | Tierpark Bern<\/title>\n<meta name=\"description\" content=\"Nach einer Tragzeit von circa 8 Monaten wurden am 12. Mai 2024 im Tierpark Bern Elchk\u00e4lber geboren\" \/>\n<meta name=\"robots\" content=\"index, follow, max-snippet:-1, max-image-preview:large, max-video-preview:-1\" \/>\n<link rel=\"canonical\" href=\"https:\/\/tierpark-bern.ch\/fr\/news\/neuigkeiten-aus-der-elchwelt\/\" \/>\n<meta property=\"og:locale\" content=\"fr_FR\" \/>\n<meta property=\"og:type\" content=\"article\" \/>\n<meta property=\"og:title\" content=\"Neuigkeiten aus der Elchwelt! | Tierpark Bern\" \/>\n<meta property=\"og:description\" content=\"Nach einer Tragzeit von circa 8 Monaten wurden am 12. Mai 2024 im Tierpark Bern Elchk\u00e4lber geboren\" \/>\n<meta property=\"og:url\" content=\"https:\/\/tierpark-bern.ch\/fr\/news\/neuigkeiten-aus-der-elchwelt\/\" \/>\n<meta property=\"og:site_name\" content=\"Tierpark Bern\" \/>\n<meta property=\"article:publisher\" content=\"https:\/\/www.facebook.com\/tierparkbern\/\" \/>\n<meta property=\"article:published_time\" content=\"2024-06-05T10:54:31+00:00\" \/>\n<meta property=\"article:modified_time\" content=\"2024-06-06T12:48:09+00:00\" \/>\n<meta property=\"og:image\" content=\"https:\/\/tierpark-bern.ch\/web\/app\/uploads\/2024\/06\/Elch_Jungtiere_2024_Foto_Slezak-7517-min.jpg\" \/>\n\t<meta property=\"og:image:width\" content=\"1499\" \/>\n\t<meta property=\"og:image:height\" content=\"1001\" \/>\n\t<meta property=\"og:image:type\" content=\"image\/jpeg\" \/>\n<meta name=\"author\" content=\"Admin\" \/>\n<script type=\"application\/ld+json\" class=\"yoast-schema-graph\">{\"@context\":\"https:\/\/schema.org\",\"@graph\":[{\"@type\":\"Article\",\"@id\":\"https:\/\/tierpark-bern.ch\/fr\/news\/neuigkeiten-aus-der-elchwelt\/#article\",\"isPartOf\":{\"@id\":\"https:\/\/tierpark-bern.ch\/fr\/news\/neuigkeiten-aus-der-elchwelt\/\"},\"author\":{\"name\":\"Admin\",\"@id\":\"https:\/\/tierpark-bern.ch\/fr\/#\/schema\/person\/fc8c06f92d4096baa065d0e5a8a5ffd7\"},\"headline\":\"Neuigkeiten aus der Elchwelt!\",\"datePublished\":\"2024-06-05T10:54:31+00:00\",\"dateModified\":\"2024-06-06T12:48:09+00:00\",\"mainEntityOfPage\":{\"@id\":\"https:\/\/tierpark-bern.ch\/fr\/news\/neuigkeiten-aus-der-elchwelt\/\"},\"wordCount\":170,\"publisher\":{\"@id\":\"https:\/\/tierpark-bern.ch\/fr\/#organization\"},\"image\":{\"@id\":\"https:\/\/tierpark-bern.ch\/fr\/news\/neuigkeiten-aus-der-elchwelt\/#primaryimage\"},\"thumbnailUrl\":\"https:\/\/tierpark-bern.ch\/web\/app\/uploads\/2024\/06\/Elch_Jungtiere_2024_Foto_Slezak-7517-min.jpg\",\"keywords\":[\"\u00c9lan\"],\"articleSection\":[\"Jeunes animaux\"],\"inLanguage\":\"fr-FR\"},{\"@type\":\"WebPage\",\"@id\":\"https:\/\/tierpark-bern.ch\/fr\/news\/neuigkeiten-aus-der-elchwelt\/\",\"url\":\"https:\/\/tierpark-bern.ch\/fr\/news\/neuigkeiten-aus-der-elchwelt\/\",\"name\":\"Neuigkeiten aus der Elchwelt! | Tierpark Bern\",\"isPartOf\":{\"@id\":\"https:\/\/tierpark-bern.ch\/fr\/#website\"},\"primaryImageOfPage\":{\"@id\":\"https:\/\/tierpark-bern.ch\/fr\/news\/neuigkeiten-aus-der-elchwelt\/#primaryimage\"},\"image\":{\"@id\":\"https:\/\/tierpark-bern.ch\/fr\/news\/neuigkeiten-aus-der-elchwelt\/#primaryimage\"},\"thumbnailUrl\":\"https:\/\/tierpark-bern.ch\/web\/app\/uploads\/2024\/06\/Elch_Jungtiere_2024_Foto_Slezak-7517-min.jpg\",\"datePublished\":\"2024-06-05T10:54:31+00:00\",\"dateModified\":\"2024-06-06T12:48:09+00:00\",\"description\":\"Nach einer Tragzeit von circa 8 Monaten wurden am 12. Mai 2024 im Tierpark Bern Elchk\u00e4lber geboren\",\"breadcrumb\":{\"@id\":\"https:\/\/tierpark-bern.ch\/fr\/news\/neuigkeiten-aus-der-elchwelt\/#breadcrumb\"},\"inLanguage\":\"fr-FR\",\"potentialAction\":[{\"@type\":\"ReadAction\",\"target\":[\"https:\/\/tierpark-bern.ch\/fr\/news\/neuigkeiten-aus-der-elchwelt\/\"]}]},{\"@type\":\"ImageObject\",\"inLanguage\":\"fr-FR\",\"@id\":\"https:\/\/tierpark-bern.ch\/fr\/news\/neuigkeiten-aus-der-elchwelt\/#primaryimage\",\"url\":\"https:\/\/tierpark-bern.ch\/web\/app\/uploads\/2024\/06\/Elch_Jungtiere_2024_Foto_Slezak-7517-min.jpg\",\"contentUrl\":\"https:\/\/tierpark-bern.ch\/web\/app\/uploads\/2024\/06\/Elch_Jungtiere_2024_Foto_Slezak-7517-min.jpg\",\"width\":1499,\"height\":1001,\"caption\":\"Ein junges Elchkalb steht im Vordergrund und schaut neugierig in die Kamera. Es hat ein braunes, flauschiges Fell und grosse, aufgerichtete Ohren.\"},{\"@type\":\"BreadcrumbList\",\"@id\":\"https:\/\/tierpark-bern.ch\/fr\/news\/neuigkeiten-aus-der-elchwelt\/#breadcrumb\",\"itemListElement\":[{\"@type\":\"ListItem\",\"position\":1,\"name\":\"Home\",\"item\":\"https:\/\/tierpark-bern.ch\/fr\/home\/\"},{\"@type\":\"ListItem\",\"position\":2,\"name\":\"Neuigkeiten aus der Elchwelt!\"}]},{\"@type\":\"WebSite\",\"@id\":\"https:\/\/tierpark-bern.ch\/fr\/#website\",\"url\":\"https:\/\/tierpark-bern.ch\/fr\/\",\"name\":\"Tierpark Bern\",\"description\":\"\",\"publisher\":{\"@id\":\"https:\/\/tierpark-bern.ch\/fr\/#organization\"},\"potentialAction\":[{\"@type\":\"SearchAction\",\"target\":{\"@type\":\"EntryPoint\",\"urlTemplate\":\"https:\/\/tierpark-bern.ch\/fr\/?s={search_term_string}\"},\"query-input\":{\"@type\":\"PropertyValueSpecification\",\"valueRequired\":true,\"valueName\":\"search_term_string\"}}],\"inLanguage\":\"fr-FR\"},{\"@type\":\"Organization\",\"@id\":\"https:\/\/tierpark-bern.ch\/fr\/#organization\",\"name\":\"Tierpark Bern | D\u00e4hlh\u00f6lzli + B\u00e4renPark\",\"alternateName\":\"Tierpark Bern\",\"url\":\"https:\/\/tierpark-bern.ch\/fr\/\",\"logo\":{\"@type\":\"ImageObject\",\"inLanguage\":\"fr-FR\",\"@id\":\"https:\/\/tierpark-bern.ch\/fr\/#\/schema\/logo\/image\/\",\"url\":\"https:\/\/tierpark-bern.ch\/web\/app\/uploads\/2024\/04\/tierpark-bern-696x696-1.jpg\",\"contentUrl\":\"https:\/\/tierpark-bern.ch\/web\/app\/uploads\/2024\/04\/tierpark-bern-696x696-1.jpg\",\"width\":696,\"height\":696,\"caption\":\"Tierpark Bern | D\u00e4hlh\u00f6lzli + B\u00e4renPark\"},\"image\":{\"@id\":\"https:\/\/tierpark-bern.ch\/fr\/#\/schema\/logo\/image\/\"},\"sameAs\":[\"https:\/\/www.facebook.com\/tierparkbern\/\",\"https:\/\/x.com\/tierparkbern\",\"https:\/\/www.instagram.com\/tierparkbern\/\"]}]}<\/script>","yoast_head_json":{"title":"Neuigkeiten aus der Elchwelt! | Tierpark Bern","description":"Nach einer Tragzeit von circa 8 Monaten wurden am 12. Mai 2024 im Tierpark Bern Elchk\u00e4lber geboren","robots":{"index":"index","follow":"follow","max-snippet":"max-snippet:-1","max-image-preview":"max-image-preview:large","max-video-preview":"max-video-preview:-1"},"canonical":"https:\/\/tierpark-bern.ch\/fr\/news\/neuigkeiten-aus-der-elchwelt\/","og_locale":"fr_FR","og_type":"article","og_title":"Neuigkeiten aus der Elchwelt! | Tierpark Bern","og_description":"Nach einer Tragzeit von circa 8 Monaten wurden am 12. Mai 2024 im Tierpark Bern Elchk\u00e4lber geboren","og_url":"https:\/\/tierpark-bern.ch\/fr\/news\/neuigkeiten-aus-der-elchwelt\/","og_site_name":"Tierpark Bern","article_publisher":"https:\/\/www.facebook.com\/tierparkbern\/","article_published_time":"2024-06-05T10:54:31+00:00","article_modified_time":"2024-06-06T12:48:09+00:00","og_image":[{"width":1499,"height":1001,"url":"https:\/\/tierpark-bern.ch\/web\/app\/uploads\/2024\/06\/Elch_Jungtiere_2024_Foto_Slezak-7517-min.jpg","type":"image\/jpeg"}],"author":"Admin","schema":{"@context":"https:\/\/schema.org","@graph":[{"@type":"Article","@id":"https:\/\/tierpark-bern.ch\/fr\/news\/neuigkeiten-aus-der-elchwelt\/#article","isPartOf":{"@id":"https:\/\/tierpark-bern.ch\/fr\/news\/neuigkeiten-aus-der-elchwelt\/"},"author":{"name":"Admin","@id":"https:\/\/tierpark-bern.ch\/fr\/#\/schema\/person\/fc8c06f92d4096baa065d0e5a8a5ffd7"},"headline":"Neuigkeiten aus der Elchwelt!","datePublished":"2024-06-05T10:54:31+00:00","dateModified":"2024-06-06T12:48:09+00:00","mainEntityOfPage":{"@id":"https:\/\/tierpark-bern.ch\/fr\/news\/neuigkeiten-aus-der-elchwelt\/"},"wordCount":170,"publisher":{"@id":"https:\/\/tierpark-bern.ch\/fr\/#organization"},"image":{"@id":"https:\/\/tierpark-bern.ch\/fr\/news\/neuigkeiten-aus-der-elchwelt\/#primaryimage"},"thumbnailUrl":"https:\/\/tierpark-bern.ch\/web\/app\/uploads\/2024\/06\/Elch_Jungtiere_2024_Foto_Slezak-7517-min.jpg","keywords":["\u00c9lan"],"articleSection":["Jeunes animaux"],"inLanguage":"fr-FR"},{"@type":"WebPage","@id":"https:\/\/tierpark-bern.ch\/fr\/news\/neuigkeiten-aus-der-elchwelt\/","url":"https:\/\/tierpark-bern.ch\/fr\/news\/neuigkeiten-aus-der-elchwelt\/","name":"Neuigkeiten aus der Elchwelt! | Tierpark Bern","isPartOf":{"@id":"https:\/\/tierpark-bern.ch\/fr\/#website"},"primaryImageOfPage":{"@id":"https:\/\/tierpark-bern.ch\/fr\/news\/neuigkeiten-aus-der-elchwelt\/#primaryimage"},"image":{"@id":"https:\/\/tierpark-bern.ch\/fr\/news\/neuigkeiten-aus-der-elchwelt\/#primaryimage"},"thumbnailUrl":"https:\/\/tierpark-bern.ch\/web\/app\/uploads\/2024\/06\/Elch_Jungtiere_2024_Foto_Slezak-7517-min.jpg","datePublished":"2024-06-05T10:54:31+00:00","dateModified":"2024-06-06T12:48:09+00:00","description":"Nach einer Tragzeit von circa 8 Monaten wurden am 12. Mai 2024 im Tierpark Bern Elchk\u00e4lber geboren","breadcrumb":{"@id":"https:\/\/tierpark-bern.ch\/fr\/news\/neuigkeiten-aus-der-elchwelt\/#breadcrumb"},"inLanguage":"fr-FR","potentialAction":[{"@type":"ReadAction","target":["https:\/\/tierpark-bern.ch\/fr\/news\/neuigkeiten-aus-der-elchwelt\/"]}]},{"@type":"ImageObject","inLanguage":"fr-FR","@id":"https:\/\/tierpark-bern.ch\/fr\/news\/neuigkeiten-aus-der-elchwelt\/#primaryimage","url":"https:\/\/tierpark-bern.ch\/web\/app\/uploads\/2024\/06\/Elch_Jungtiere_2024_Foto_Slezak-7517-min.jpg","contentUrl":"https:\/\/tierpark-bern.ch\/web\/app\/uploads\/2024\/06\/Elch_Jungtiere_2024_Foto_Slezak-7517-min.jpg","width":1499,"height":1001,"caption":"Ein junges Elchkalb steht im Vordergrund und schaut neugierig in die Kamera. Es hat ein braunes, flauschiges Fell und grosse, aufgerichtete Ohren."},{"@type":"BreadcrumbList","@id":"https:\/\/tierpark-bern.ch\/fr\/news\/neuigkeiten-aus-der-elchwelt\/#breadcrumb","itemListElement":[{"@type":"ListItem","position":1,"name":"Home","item":"https:\/\/tierpark-bern.ch\/fr\/home\/"},{"@type":"ListItem","position":2,"name":"Neuigkeiten aus der Elchwelt!"}]},{"@type":"WebSite","@id":"https:\/\/tierpark-bern.ch\/fr\/#website","url":"https:\/\/tierpark-bern.ch\/fr\/","name":"Tierpark Bern","description":"","publisher":{"@id":"https:\/\/tierpark-bern.ch\/fr\/#organization"},"potentialAction":[{"@type":"SearchAction","target":{"@type":"EntryPoint","urlTemplate":"https:\/\/tierpark-bern.ch\/fr\/?s={search_term_string}"},"query-input":{"@type":"PropertyValueSpecification","valueRequired":true,"valueName":"search_term_string"}}],"inLanguage":"fr-FR"},{"@type":"Organization","@id":"https:\/\/tierpark-bern.ch\/fr\/#organization","name":"Tierpark Bern | D\u00e4hlh\u00f6lzli + B\u00e4renPark","alternateName":"Tierpark Bern","url":"https:\/\/tierpark-bern.ch\/fr\/","logo":{"@type":"ImageObject","inLanguage":"fr-FR","@id":"https:\/\/tierpark-bern.ch\/fr\/#\/schema\/logo\/image\/","url":"https:\/\/tierpark-bern.ch\/web\/app\/uploads\/2024\/04\/tierpark-bern-696x696-1.jpg","contentUrl":"https:\/\/tierpark-bern.ch\/web\/app\/uploads\/2024\/04\/tierpark-bern-696x696-1.jpg","width":696,"height":696,"caption":"Tierpark Bern | D\u00e4hlh\u00f6lzli + B\u00e4renPark"},"image":{"@id":"https:\/\/tierpark-bern.ch\/fr\/#\/schema\/logo\/image\/"},"sameAs":["https:\/\/www.facebook.com\/tierparkbern\/","https:\/\/x.com\/tierparkbern","https:\/\/www.instagram.com\/tierparkbern\/"]}]}},"_links":{"self":[{"href":"https:\/\/tierpark-bern.ch\/fr\/wp-json\/wp\/v2\/posts\/73579","targetHints":{"allow":["GET"]}}],"collection":[{"href":"https:\/\/tierpark-bern.ch\/fr\/wp-json\/wp\/v2\/posts"}],"about":[{"href":"https:\/\/tierpark-bern.ch\/fr\/wp-json\/wp\/v2\/types\/post"}],"author":[{"embeddable":true,"href":"https:\/\/tierpark-bern.ch\/fr\/wp-json\/wp\/v2\/users\/1"}],"replies":[{"embeddable":true,"href":"https:\/\/tierpark-bern.ch\/fr\/wp-json\/wp\/v2\/comments?post=73579"}],"version-history":[{"count":0,"href":"https:\/\/tierpark-bern.ch\/fr\/wp-json\/wp\/v2\/posts\/73579\/revisions"}],"wp:featuredmedia":[{"embeddable":true,"href":"https:\/\/tierpark-bern.ch\/fr\/wp-json\/wp\/v2\/media\/73500"}],"wp:attachment":[{"href":"https:\/\/tierpark-bern.ch\/fr\/wp-json\/wp\/v2\/media?parent=73579"}],"wp:term":[{"taxonomy":"category","embeddable":true,"href":"https:\/\/tierpark-bern.ch\/fr\/wp-json\/wp\/v2\/categories?post=73579"},{"taxonomy":"post_tag","embeddable":true,"href":"https:\/\/tierpark-bern.ch\/fr\/wp-json\/wp\/v2\/tags?post=73579"},{"taxonomy":"zoo-type","embeddable":true,"href":"https:\/\/tierpark-bern.ch\/fr\/wp-json\/wp\/v2\/zoo-type?post=73579"},{"taxonomy":"animal-list","embeddable":true,"href":"https:\/\/tierpark-bern.ch\/fr\/wp-json\/wp\/v2\/animal-list?post=73579"}],"curies":[{"name":"wp","href":"https:\/\/api.w.org\/{rel}","templated":true}]}}