{"id":73717,"date":"2024-06-06T16:55:49","date_gmt":"2024-06-06T14:55:49","guid":{"rendered":"https:\/\/tierpark-bern.ch\/news\/nachwuchs-bei-den-wisenten\/"},"modified":"2025-08-29T06:33:36","modified_gmt":"2025-08-29T04:33:36","slug":"nachwuchs-bei-den-wisenten","status":"publish","type":"post","link":"https:\/\/tierpark-bern.ch\/fr\/news\/nachwuchs-bei-den-wisenten\/","title":{"rendered":"Nachwuchs bei den Wisenten!"},"content":{"rendered":"<div class=\"wpb-content-wrapper\"><p>[vc_row][vc_column][vc_column_text css=&#8221;&#8221;]<\/p>\n<h2>Am 4. Juni 2024 wurde das erste Wisentkalb im D\u00e4hlh\u00f6lzliwald geboren und die Mutter k\u00fcmmert sich liebevoll um ihr neugeborenes Kalb<\/h2>\n<p>Im Gegensatz zu anderen Huftieren bleibt das Kalb nach dem S\u00e4ugen stets in unmittelbarer N\u00e4he der Mutterkuh und wird nicht versteckt abgelegt.<\/p>\n<p>Wisente sind gen\u00fcgsame, ruhige und sehr neugierige Tiere. Es ist das gr\u00f6sse lebende Lands\u00e4ugetier, m\u00e4nnliche Pflanzenfresser k\u00f6nnen fast bis zu einer Tonne schwer werden.[\/vc_column_text][\/vc_column][\/vc_row]<\/p>\n<\/div>","protected":false},"excerpt":{"rendered":"<p>Am 4. Juni 2024 wurde das erste Wisentkalb im D\u00e4hlh\u00f6lzliwald geboren und die Mutter k\u00fcmmert sich liebevoll um ihr neugeborenes Kalb<\/p>\n","protected":false},"author":1,"featured_media":73509,"comment_status":"closed","ping_status":"closed","sticky":false,"template":"","format":"standard","meta":{"_acf_changed":false,"footnotes":""},"categories":[334],"tags":[374],"zoo-type":[],"animal-list":[398],"class_list":["post-73717","post","type-post","status-publish","format-standard","has-post-thumbnail","hentry","category-jungtiere","tag-bison","animal-list-wisent-fr"],"acf":[],"yoast_head":"<title>Nachwuchs bei den Wisenten! | Tierpark Bern<\/title>\n<meta name=\"description\" content=\"Am 4. Juni 2024 wurde das erste Wisentkalb im D\u00e4hlh\u00f6lzliwald geboren und die Mutter k\u00fcmmert sich liebevoll um ihr neugeborenes Kalb\" \/>\n<meta name=\"robots\" content=\"index, follow, max-snippet:-1, max-image-preview:large, max-video-preview:-1\" \/>\n<link rel=\"canonical\" href=\"https:\/\/tierpark-bern.ch\/fr\/news\/nachwuchs-bei-den-wisenten\/\" \/>\n<meta property=\"og:locale\" content=\"fr_FR\" \/>\n<meta property=\"og:type\" content=\"article\" \/>\n<meta property=\"og:title\" content=\"Nachwuchs bei den Wisenten! | Tierpark Bern\" \/>\n<meta property=\"og:description\" content=\"Am 4. Juni 2024 wurde das erste Wisentkalb im D\u00e4hlh\u00f6lzliwald geboren und die Mutter k\u00fcmmert sich liebevoll um ihr neugeborenes Kalb\" \/>\n<meta property=\"og:url\" content=\"https:\/\/tierpark-bern.ch\/fr\/news\/nachwuchs-bei-den-wisenten\/\" \/>\n<meta property=\"og:site_name\" content=\"Tierpark Bern\" \/>\n<meta property=\"article:publisher\" content=\"https:\/\/www.facebook.com\/tierparkbern\/\" \/>\n<meta property=\"article:published_time\" content=\"2024-06-06T14:55:49+00:00\" \/>\n<meta property=\"article:modified_time\" content=\"2025-08-29T04:33:36+00:00\" \/>\n<meta property=\"og:image\" content=\"https:\/\/tierpark-bern.ch\/web\/app\/uploads\/2024\/06\/Wisent_Jungtier_2024_Foto_Slezak-7918-min.jpg\" \/>\n\t<meta property=\"og:image:width\" content=\"1500\" \/>\n\t<meta property=\"og:image:height\" content=\"1001\" \/>\n\t<meta property=\"og:image:type\" content=\"image\/jpeg\" \/>\n<meta name=\"author\" content=\"Admin\" \/>\n<script type=\"application\/ld+json\" class=\"yoast-schema-graph\">{\"@context\":\"https:\/\/schema.org\",\"@graph\":[{\"@type\":\"Article\",\"@id\":\"https:\/\/tierpark-bern.ch\/fr\/news\/nachwuchs-bei-den-wisenten\/#article\",\"isPartOf\":{\"@id\":\"https:\/\/tierpark-bern.ch\/fr\/news\/nachwuchs-bei-den-wisenten\/\"},\"author\":{\"name\":\"Admin\",\"@id\":\"https:\/\/tierpark-bern.ch\/fr\/#\/schema\/person\/fc8c06f92d4096baa065d0e5a8a5ffd7\"},\"headline\":\"Nachwuchs bei den Wisenten!\",\"datePublished\":\"2024-06-06T14:55:49+00:00\",\"dateModified\":\"2025-08-29T04:33:36+00:00\",\"mainEntityOfPage\":{\"@id\":\"https:\/\/tierpark-bern.ch\/fr\/news\/nachwuchs-bei-den-wisenten\/\"},\"wordCount\":94,\"publisher\":{\"@id\":\"https:\/\/tierpark-bern.ch\/fr\/#organization\"},\"image\":{\"@id\":\"https:\/\/tierpark-bern.ch\/fr\/news\/nachwuchs-bei-den-wisenten\/#primaryimage\"},\"thumbnailUrl\":\"https:\/\/tierpark-bern.ch\/web\/app\/uploads\/2024\/06\/Wisent_Jungtier_2024_Foto_Slezak-7918-min.jpg\",\"keywords\":[\"Bison\"],\"articleSection\":[\"Jeunes animaux\"],\"inLanguage\":\"fr-FR\"},{\"@type\":\"WebPage\",\"@id\":\"https:\/\/tierpark-bern.ch\/fr\/news\/nachwuchs-bei-den-wisenten\/\",\"url\":\"https:\/\/tierpark-bern.ch\/fr\/news\/nachwuchs-bei-den-wisenten\/\",\"name\":\"Nachwuchs bei den Wisenten! | Tierpark Bern\",\"isPartOf\":{\"@id\":\"https:\/\/tierpark-bern.ch\/fr\/#website\"},\"primaryImageOfPage\":{\"@id\":\"https:\/\/tierpark-bern.ch\/fr\/news\/nachwuchs-bei-den-wisenten\/#primaryimage\"},\"image\":{\"@id\":\"https:\/\/tierpark-bern.ch\/fr\/news\/nachwuchs-bei-den-wisenten\/#primaryimage\"},\"thumbnailUrl\":\"https:\/\/tierpark-bern.ch\/web\/app\/uploads\/2024\/06\/Wisent_Jungtier_2024_Foto_Slezak-7918-min.jpg\",\"datePublished\":\"2024-06-06T14:55:49+00:00\",\"dateModified\":\"2025-08-29T04:33:36+00:00\",\"description\":\"Am 4. Juni 2024 wurde das erste Wisentkalb im D\u00e4hlh\u00f6lzliwald geboren und die Mutter k\u00fcmmert sich liebevoll um ihr neugeborenes Kalb\",\"breadcrumb\":{\"@id\":\"https:\/\/tierpark-bern.ch\/fr\/news\/nachwuchs-bei-den-wisenten\/#breadcrumb\"},\"inLanguage\":\"fr-FR\",\"potentialAction\":[{\"@type\":\"ReadAction\",\"target\":[\"https:\/\/tierpark-bern.ch\/fr\/news\/nachwuchs-bei-den-wisenten\/\"]}]},{\"@type\":\"ImageObject\",\"inLanguage\":\"fr-FR\",\"@id\":\"https:\/\/tierpark-bern.ch\/fr\/news\/nachwuchs-bei-den-wisenten\/#primaryimage\",\"url\":\"https:\/\/tierpark-bern.ch\/web\/app\/uploads\/2024\/06\/Wisent_Jungtier_2024_Foto_Slezak-7918-min.jpg\",\"contentUrl\":\"https:\/\/tierpark-bern.ch\/web\/app\/uploads\/2024\/06\/Wisent_Jungtier_2024_Foto_Slezak-7918-min.jpg\",\"width\":1500,\"height\":1001,\"caption\":\"Ein junges Wisentkalb liegt auf dem Boden und wird liebevoll von einem ausgewachsenen Wisent mit der Zunge geleckt. Das Kalb hat weiches, braunes Fell und ruht im Schatten eines Baumes. Der erwachsene Wisent steht neben dem Kalb und scheint f\u00fcrsorglich zu sein. Die Umgebung ist nat\u00fcrlich mit Gras und Erde.\"},{\"@type\":\"BreadcrumbList\",\"@id\":\"https:\/\/tierpark-bern.ch\/fr\/news\/nachwuchs-bei-den-wisenten\/#breadcrumb\",\"itemListElement\":[{\"@type\":\"ListItem\",\"position\":1,\"name\":\"Home\",\"item\":\"https:\/\/tierpark-bern.ch\/fr\/home\/\"},{\"@type\":\"ListItem\",\"position\":2,\"name\":\"Nachwuchs bei den Wisenten!\"}]},{\"@type\":\"WebSite\",\"@id\":\"https:\/\/tierpark-bern.ch\/fr\/#website\",\"url\":\"https:\/\/tierpark-bern.ch\/fr\/\",\"name\":\"Tierpark Bern\",\"description\":\"\",\"publisher\":{\"@id\":\"https:\/\/tierpark-bern.ch\/fr\/#organization\"},\"potentialAction\":[{\"@type\":\"SearchAction\",\"target\":{\"@type\":\"EntryPoint\",\"urlTemplate\":\"https:\/\/tierpark-bern.ch\/fr\/?s={search_term_string}\"},\"query-input\":{\"@type\":\"PropertyValueSpecification\",\"valueRequired\":true,\"valueName\":\"search_term_string\"}}],\"inLanguage\":\"fr-FR\"},{\"@type\":\"Organization\",\"@id\":\"https:\/\/tierpark-bern.ch\/fr\/#organization\",\"name\":\"Tierpark Bern | D\u00e4hlh\u00f6lzli + B\u00e4renPark\",\"alternateName\":\"Tierpark Bern\",\"url\":\"https:\/\/tierpark-bern.ch\/fr\/\",\"logo\":{\"@type\":\"ImageObject\",\"inLanguage\":\"fr-FR\",\"@id\":\"https:\/\/tierpark-bern.ch\/fr\/#\/schema\/logo\/image\/\",\"url\":\"https:\/\/tierpark-bern.ch\/web\/app\/uploads\/2024\/04\/tierpark-bern-696x696-1.jpg\",\"contentUrl\":\"https:\/\/tierpark-bern.ch\/web\/app\/uploads\/2024\/04\/tierpark-bern-696x696-1.jpg\",\"width\":696,\"height\":696,\"caption\":\"Tierpark Bern | D\u00e4hlh\u00f6lzli + B\u00e4renPark\"},\"image\":{\"@id\":\"https:\/\/tierpark-bern.ch\/fr\/#\/schema\/logo\/image\/\"},\"sameAs\":[\"https:\/\/www.facebook.com\/tierparkbern\/\",\"https:\/\/x.com\/tierparkbern\",\"https:\/\/www.instagram.com\/tierparkbern\/\"]}]}<\/script>","yoast_head_json":{"title":"Nachwuchs bei den Wisenten! | Tierpark Bern","description":"Am 4. Juni 2024 wurde das erste Wisentkalb im D\u00e4hlh\u00f6lzliwald geboren und die Mutter k\u00fcmmert sich liebevoll um ihr neugeborenes Kalb","robots":{"index":"index","follow":"follow","max-snippet":"max-snippet:-1","max-image-preview":"max-image-preview:large","max-video-preview":"max-video-preview:-1"},"canonical":"https:\/\/tierpark-bern.ch\/fr\/news\/nachwuchs-bei-den-wisenten\/","og_locale":"fr_FR","og_type":"article","og_title":"Nachwuchs bei den Wisenten! | Tierpark Bern","og_description":"Am 4. Juni 2024 wurde das erste Wisentkalb im D\u00e4hlh\u00f6lzliwald geboren und die Mutter k\u00fcmmert sich liebevoll um ihr neugeborenes Kalb","og_url":"https:\/\/tierpark-bern.ch\/fr\/news\/nachwuchs-bei-den-wisenten\/","og_site_name":"Tierpark Bern","article_publisher":"https:\/\/www.facebook.com\/tierparkbern\/","article_published_time":"2024-06-06T14:55:49+00:00","article_modified_time":"2025-08-29T04:33:36+00:00","og_image":[{"width":1500,"height":1001,"url":"https:\/\/tierpark-bern.ch\/web\/app\/uploads\/2024\/06\/Wisent_Jungtier_2024_Foto_Slezak-7918-min.jpg","type":"image\/jpeg"}],"author":"Admin","schema":{"@context":"https:\/\/schema.org","@graph":[{"@type":"Article","@id":"https:\/\/tierpark-bern.ch\/fr\/news\/nachwuchs-bei-den-wisenten\/#article","isPartOf":{"@id":"https:\/\/tierpark-bern.ch\/fr\/news\/nachwuchs-bei-den-wisenten\/"},"author":{"name":"Admin","@id":"https:\/\/tierpark-bern.ch\/fr\/#\/schema\/person\/fc8c06f92d4096baa065d0e5a8a5ffd7"},"headline":"Nachwuchs bei den Wisenten!","datePublished":"2024-06-06T14:55:49+00:00","dateModified":"2025-08-29T04:33:36+00:00","mainEntityOfPage":{"@id":"https:\/\/tierpark-bern.ch\/fr\/news\/nachwuchs-bei-den-wisenten\/"},"wordCount":94,"publisher":{"@id":"https:\/\/tierpark-bern.ch\/fr\/#organization"},"image":{"@id":"https:\/\/tierpark-bern.ch\/fr\/news\/nachwuchs-bei-den-wisenten\/#primaryimage"},"thumbnailUrl":"https:\/\/tierpark-bern.ch\/web\/app\/uploads\/2024\/06\/Wisent_Jungtier_2024_Foto_Slezak-7918-min.jpg","keywords":["Bison"],"articleSection":["Jeunes animaux"],"inLanguage":"fr-FR"},{"@type":"WebPage","@id":"https:\/\/tierpark-bern.ch\/fr\/news\/nachwuchs-bei-den-wisenten\/","url":"https:\/\/tierpark-bern.ch\/fr\/news\/nachwuchs-bei-den-wisenten\/","name":"Nachwuchs bei den Wisenten! | Tierpark Bern","isPartOf":{"@id":"https:\/\/tierpark-bern.ch\/fr\/#website"},"primaryImageOfPage":{"@id":"https:\/\/tierpark-bern.ch\/fr\/news\/nachwuchs-bei-den-wisenten\/#primaryimage"},"image":{"@id":"https:\/\/tierpark-bern.ch\/fr\/news\/nachwuchs-bei-den-wisenten\/#primaryimage"},"thumbnailUrl":"https:\/\/tierpark-bern.ch\/web\/app\/uploads\/2024\/06\/Wisent_Jungtier_2024_Foto_Slezak-7918-min.jpg","datePublished":"2024-06-06T14:55:49+00:00","dateModified":"2025-08-29T04:33:36+00:00","description":"Am 4. Juni 2024 wurde das erste Wisentkalb im D\u00e4hlh\u00f6lzliwald geboren und die Mutter k\u00fcmmert sich liebevoll um ihr neugeborenes Kalb","breadcrumb":{"@id":"https:\/\/tierpark-bern.ch\/fr\/news\/nachwuchs-bei-den-wisenten\/#breadcrumb"},"inLanguage":"fr-FR","potentialAction":[{"@type":"ReadAction","target":["https:\/\/tierpark-bern.ch\/fr\/news\/nachwuchs-bei-den-wisenten\/"]}]},{"@type":"ImageObject","inLanguage":"fr-FR","@id":"https:\/\/tierpark-bern.ch\/fr\/news\/nachwuchs-bei-den-wisenten\/#primaryimage","url":"https:\/\/tierpark-bern.ch\/web\/app\/uploads\/2024\/06\/Wisent_Jungtier_2024_Foto_Slezak-7918-min.jpg","contentUrl":"https:\/\/tierpark-bern.ch\/web\/app\/uploads\/2024\/06\/Wisent_Jungtier_2024_Foto_Slezak-7918-min.jpg","width":1500,"height":1001,"caption":"Ein junges Wisentkalb liegt auf dem Boden und wird liebevoll von einem ausgewachsenen Wisent mit der Zunge geleckt. Das Kalb hat weiches, braunes Fell und ruht im Schatten eines Baumes. Der erwachsene Wisent steht neben dem Kalb und scheint f\u00fcrsorglich zu sein. Die Umgebung ist nat\u00fcrlich mit Gras und Erde."},{"@type":"BreadcrumbList","@id":"https:\/\/tierpark-bern.ch\/fr\/news\/nachwuchs-bei-den-wisenten\/#breadcrumb","itemListElement":[{"@type":"ListItem","position":1,"name":"Home","item":"https:\/\/tierpark-bern.ch\/fr\/home\/"},{"@type":"ListItem","position":2,"name":"Nachwuchs bei den Wisenten!"}]},{"@type":"WebSite","@id":"https:\/\/tierpark-bern.ch\/fr\/#website","url":"https:\/\/tierpark-bern.ch\/fr\/","name":"Tierpark Bern","description":"","publisher":{"@id":"https:\/\/tierpark-bern.ch\/fr\/#organization"},"potentialAction":[{"@type":"SearchAction","target":{"@type":"EntryPoint","urlTemplate":"https:\/\/tierpark-bern.ch\/fr\/?s={search_term_string}"},"query-input":{"@type":"PropertyValueSpecification","valueRequired":true,"valueName":"search_term_string"}}],"inLanguage":"fr-FR"},{"@type":"Organization","@id":"https:\/\/tierpark-bern.ch\/fr\/#organization","name":"Tierpark Bern | D\u00e4hlh\u00f6lzli + B\u00e4renPark","alternateName":"Tierpark Bern","url":"https:\/\/tierpark-bern.ch\/fr\/","logo":{"@type":"ImageObject","inLanguage":"fr-FR","@id":"https:\/\/tierpark-bern.ch\/fr\/#\/schema\/logo\/image\/","url":"https:\/\/tierpark-bern.ch\/web\/app\/uploads\/2024\/04\/tierpark-bern-696x696-1.jpg","contentUrl":"https:\/\/tierpark-bern.ch\/web\/app\/uploads\/2024\/04\/tierpark-bern-696x696-1.jpg","width":696,"height":696,"caption":"Tierpark Bern | D\u00e4hlh\u00f6lzli + B\u00e4renPark"},"image":{"@id":"https:\/\/tierpark-bern.ch\/fr\/#\/schema\/logo\/image\/"},"sameAs":["https:\/\/www.facebook.com\/tierparkbern\/","https:\/\/x.com\/tierparkbern","https:\/\/www.instagram.com\/tierparkbern\/"]}]}},"_links":{"self":[{"href":"https:\/\/tierpark-bern.ch\/fr\/wp-json\/wp\/v2\/posts\/73717","targetHints":{"allow":["GET"]}}],"collection":[{"href":"https:\/\/tierpark-bern.ch\/fr\/wp-json\/wp\/v2\/posts"}],"about":[{"href":"https:\/\/tierpark-bern.ch\/fr\/wp-json\/wp\/v2\/types\/post"}],"author":[{"embeddable":true,"href":"https:\/\/tierpark-bern.ch\/fr\/wp-json\/wp\/v2\/users\/1"}],"replies":[{"embeddable":true,"href":"https:\/\/tierpark-bern.ch\/fr\/wp-json\/wp\/v2\/comments?post=73717"}],"version-history":[{"count":0,"href":"https:\/\/tierpark-bern.ch\/fr\/wp-json\/wp\/v2\/posts\/73717\/revisions"}],"wp:featuredmedia":[{"embeddable":true,"href":"https:\/\/tierpark-bern.ch\/fr\/wp-json\/wp\/v2\/media\/73509"}],"wp:attachment":[{"href":"https:\/\/tierpark-bern.ch\/fr\/wp-json\/wp\/v2\/media?parent=73717"}],"wp:term":[{"taxonomy":"category","embeddable":true,"href":"https:\/\/tierpark-bern.ch\/fr\/wp-json\/wp\/v2\/categories?post=73717"},{"taxonomy":"post_tag","embeddable":true,"href":"https:\/\/tierpark-bern.ch\/fr\/wp-json\/wp\/v2\/tags?post=73717"},{"taxonomy":"zoo-type","embeddable":true,"href":"https:\/\/tierpark-bern.ch\/fr\/wp-json\/wp\/v2\/zoo-type?post=73717"},{"taxonomy":"animal-list","embeddable":true,"href":"https:\/\/tierpark-bern.ch\/fr\/wp-json\/wp\/v2\/animal-list?post=73717"}],"curies":[{"name":"wp","href":"https:\/\/api.w.org\/{rel}","templated":true}]}}